{"id":4043,"date":"2026-01-14T10:59:07","date_gmt":"2026-01-14T09:59:07","guid":{"rendered":"https:\/\/www.radiomais.ao\/?p=4043"},"modified":"2026-01-14T10:59:07","modified_gmt":"2026-01-14T09:59:07","slug":"a-fabrica-de-fertilizantes-da-caala-em-funcionamento-em-regime-experimental","status":"publish","type":"post","link":"https:\/\/www.radiomais.ao\/index.php\/2026\/01\/14\/a-fabrica-de-fertilizantes-da-caala-em-funcionamento-em-regime-experimental\/","title":{"rendered":"A f\u00e1brica de fertilizantes da Ca\u00e1la, em funcionamento em regime experimental."},"content":{"rendered":"\n<p>A f\u00e1brica de fertilizantes da Ca\u00e1la, em funcionamento em regime experimental no P\u00f3lo industrial local, na prov\u00edncia do Huambo, ser\u00e1 inaugurada, em Abril deste ano, com capacidade para processar tr\u00eas mil 200 toneladas\/dia.<\/p>\n\n\n\n<p>Trata-se de um investimento privado, que prev\u00ea trabalhar em oito linhas diferentes de fertilizantes.<\/p>\n\n\n<div \n    class=\"align wp-block-scb-sound-cloud\"    id=\"scbSoundCloud-1\"\n    data-attributes='{&quot;cId&quot;:&quot;bf9d0d50-a&quot;,&quot;tracks&quot;:[{&quot;url&quot;:&quot;https:\\\/\\\/soundcloud.com\\\/radio-mais-luanda\\\/nova-fabrica-de-fertilizantes?si=5c1037cceb52445992d58e3dbbdcedba&amp;utm_source=clipboard&amp;utm_medium=text&amp;utm_campaign=social_sharing&quot;,&quot;startTrack&quot;:0}],&quot;alignment&quot;:&quot;center&quot;,&quot;align&quot;:&quot;&quot;,&quot;options&quot;:{&quot;isAutoPlay&quot;:true,&quot;color&quot;:&quot;#f50&quot;,&quot;isBuying&quot;:true,&quot;isSharing&quot;:true,&quot;isDownload&quot;:true,&quot;isArtWork&quot;:true,&quot;isPlayCount&quot;:true,&quot;isUser&quot;:true,&quot;isSingleActive&quot;:true,&quot;isComments&quot;:true,&quot;isVisual&quot;:false,&quot;isTeaser&quot;:false,&quot;isHideRelated&quot;:false},&quot;iframeStyle&quot;:{&quot;width&quot;:&quot;100%&quot;,&quot;height&quot;:&quot;170px&quot;},&quot;frameBorder&quot;:{&quot;color&quot;:&quot;#000&quot;,&quot;style&quot;:&quot;solid&quot;,&quot;width&quot;:&quot;1px&quot;},&quot;frameBRadius&quot;:{&quot;top&quot;:&quot;3px&quot;,&quot;bottom&quot;:&quot;3px&quot;,&quot;left&quot;:&quot;3px&quot;,&quot;right&quot;:&quot;3px&quot;},&quot;frameBoxShadow&quot;:[]}'>\n<\/div>\n\n \n      ","protected":false},"excerpt":{"rendered":"<p>A f\u00e1brica de fertilizantes da Ca\u00e1la, em funcionamento em regime experimental no P\u00f3lo industrial local, na prov\u00edncia do Huambo, ser\u00e1 inaugurada, em Abril deste ano, com capacidade para processar tr\u00eas mil 200 toneladas\/dia. Trata-se de um investimento privado, que prev\u00ea trabalhar em oito linhas diferentes de fertilizantes.<\/p>\n","protected":false},"author":3,"featured_media":4044,"comment_status":"open","ping_status":"open","sticky":false,"template":"","format":"standard","meta":{"footnotes":""},"categories":[16],"tags":[1649,1650],"class_list":["post-4043","post","type-post","status-publish","format-standard","has-post-thumbnail","hentry","category-actualidade","tag-fabrica-de-fertilizantes-da-caala","tag-regime-experimental"],"blocksy_meta":[],"_links":{"self":[{"href":"https:\/\/www.radiomais.ao\/index.php\/wp-json\/wp\/v2\/posts\/4043","targetHints":{"allow":["GET"]}}],"collection":[{"href":"https:\/\/www.radiomais.ao\/index.php\/wp-json\/wp\/v2\/posts"}],"about":[{"href":"https:\/\/www.radiomais.ao\/index.php\/wp-json\/wp\/v2\/types\/post"}],"author":[{"embeddable":true,"href":"https:\/\/www.radiomais.ao\/index.php\/wp-json\/wp\/v2\/users\/3"}],"replies":[{"embeddable":true,"href":"https:\/\/www.radiomais.ao\/index.php\/wp-json\/wp\/v2\/comments?post=4043"}],"version-history":[{"count":1,"href":"https:\/\/www.radiomais.ao\/index.php\/wp-json\/wp\/v2\/posts\/4043\/revisions"}],"predecessor-version":[{"id":4045,"href":"https:\/\/www.radiomais.ao\/index.php\/wp-json\/wp\/v2\/posts\/4043\/revisions\/4045"}],"wp:featuredmedia":[{"embeddable":true,"href":"https:\/\/www.radiomais.ao\/index.php\/wp-json\/wp\/v2\/media\/4044"}],"wp:attachment":[{"href":"https:\/\/www.radiomais.ao\/index.php\/wp-json\/wp\/v2\/media?parent=4043"}],"wp:term":[{"taxonomy":"category","embeddable":true,"href":"https:\/\/www.radiomais.ao\/index.php\/wp-json\/wp\/v2\/categories?post=4043"},{"taxonomy":"post_tag","embeddable":true,"href":"https:\/\/www.radiomais.ao\/index.php\/wp-json\/wp\/v2\/tags?post=4043"}],"curies":[{"name":"wp","href":"https:\/\/api.w.org\/{rel}","templated":true}]}}