{"id":4047,"date":"2026-01-14T13:17:34","date_gmt":"2026-01-14T12:17:34","guid":{"rendered":"https:\/\/www.radiomais.ao\/?p=4047"},"modified":"2026-01-14T13:17:34","modified_gmt":"2026-01-14T12:17:34","slug":"mpla-lamenta-morte-do-politico-joao-bakala","status":"publish","type":"post","link":"https:\/\/www.radiomais.ao\/index.php\/2026\/01\/14\/mpla-lamenta-morte-do-politico-joao-bakala\/","title":{"rendered":"MPLA lamenta morte do pol\u00edtico Jo\u00e3o Bakala."},"content":{"rendered":"\n<p>O Bureau Pol\u00edtico do Comit\u00e9 Central do MPLA manifestou, hoje, profunda dor e consterna\u00e7\u00e3o pelo falecimento do nacionalista Jo\u00e3o Bakala, ocorrido em Cabinda, v\u00edtima de doen\u00e7a prolongada.<\/p>\n\n\n\n<p>Na mensagem de condol\u00eancias, a organiza\u00e7\u00e3o pol\u00edtica lembra a dedica\u00e7\u00e3o do camarada Jo\u00e3o Bakala \u00e0 causa daquele partido, afirmando que o malogrado pautava a sua milit\u00e2ncia pelo compromisso, lealdade e esp\u00edrito de entrega, deixando um legado que permanecer\u00e1 na mem\u00f3ria dos seus camaradas e companheiros de luta.<\/p>\n\n\n\n<p>Nascido a 1 de Janeiro de 1951, em Belize, prov\u00edncia de Cabinda, o antigo quadro da JMPLA e militante do MPLA, Jo\u00e3o Bakala desempenhou fun\u00e7\u00f5es de 2\u00ba secret\u00e1rio da JMPLA em Cabinda e de 1\u00ba secret\u00e1rio do bra\u00e7o juvenil do maior partido angolano, na prov\u00edncia do Zaire. Ler mais em<strong><em><a href=\"https:\/\/www.opais.ao\/politica\/mpla-lamenta-morte-do-politico-joao-bakala\/\"> Opa\u00eds<\/a><\/em><\/strong><\/p>\n","protected":false},"excerpt":{"rendered":"<p>O Bureau Pol\u00edtico do Comit\u00e9 Central do MPLA manifestou, hoje, profunda dor e consterna\u00e7\u00e3o pelo falecimento do nacionalista Jo\u00e3o Bakala, ocorrido em Cabinda, v\u00edtima de doen\u00e7a prolongada. Na mensagem de condol\u00eancias, a organiza\u00e7\u00e3o pol\u00edtica lembra a dedica\u00e7\u00e3o do camarada Jo\u00e3o Bakala \u00e0 causa daquele partido, afirmando que o malogrado pautava a sua milit\u00e2ncia pelo compromisso, [&hellip;]<\/p>\n","protected":false},"author":3,"featured_media":4048,"comment_status":"open","ping_status":"open","sticky":false,"template":"","format":"standard","meta":{"footnotes":""},"categories":[16],"tags":[1651,169,157],"class_list":["post-4047","post","type-post","status-publish","format-standard","has-post-thumbnail","hentry","category-actualidade","tag-joao-bakala","tag-morte","tag-mpla"],"blocksy_meta":[],"_links":{"self":[{"href":"https:\/\/www.radiomais.ao\/index.php\/wp-json\/wp\/v2\/posts\/4047","targetHints":{"allow":["GET"]}}],"collection":[{"href":"https:\/\/www.radiomais.ao\/index.php\/wp-json\/wp\/v2\/posts"}],"about":[{"href":"https:\/\/www.radiomais.ao\/index.php\/wp-json\/wp\/v2\/types\/post"}],"author":[{"embeddable":true,"href":"https:\/\/www.radiomais.ao\/index.php\/wp-json\/wp\/v2\/users\/3"}],"replies":[{"embeddable":true,"href":"https:\/\/www.radiomais.ao\/index.php\/wp-json\/wp\/v2\/comments?post=4047"}],"version-history":[{"count":1,"href":"https:\/\/www.radiomais.ao\/index.php\/wp-json\/wp\/v2\/posts\/4047\/revisions"}],"predecessor-version":[{"id":4049,"href":"https:\/\/www.radiomais.ao\/index.php\/wp-json\/wp\/v2\/posts\/4047\/revisions\/4049"}],"wp:featuredmedia":[{"embeddable":true,"href":"https:\/\/www.radiomais.ao\/index.php\/wp-json\/wp\/v2\/media\/4048"}],"wp:attachment":[{"href":"https:\/\/www.radiomais.ao\/index.php\/wp-json\/wp\/v2\/media?parent=4047"}],"wp:term":[{"taxonomy":"category","embeddable":true,"href":"https:\/\/www.radiomais.ao\/index.php\/wp-json\/wp\/v2\/categories?post=4047"},{"taxonomy":"post_tag","embeddable":true,"href":"https:\/\/www.radiomais.ao\/index.php\/wp-json\/wp\/v2\/tags?post=4047"}],"curies":[{"name":"wp","href":"https:\/\/api.w.org\/{rel}","templated":true}]}}