{"id":4050,"date":"2026-01-14T13:21:22","date_gmt":"2026-01-14T12:21:22","guid":{"rendered":"https:\/\/www.radiomais.ao\/?p=4050"},"modified":"2026-01-14T13:21:22","modified_gmt":"2026-01-14T12:21:22","slug":"obras-do-parque-fotovoltaico-do-cafunfo-concluidas-em-julho-deste-ano","status":"publish","type":"post","link":"https:\/\/www.radiomais.ao\/index.php\/2026\/01\/14\/obras-do-parque-fotovoltaico-do-cafunfo-concluidas-em-julho-deste-ano\/","title":{"rendered":"Obras do Parque Fotovoltaico do Cafunfo conclu\u00eddas em Julho deste ano."},"content":{"rendered":"\n<p>As obras do parque solar fotovoltaico, uma imponente infra-estrutura energ\u00e9tica e social a ser erguida no munic\u00edpio do Cafunfo, prov\u00edncia da Lunda-Norte, podem estar conclu\u00eddas e serem entregues oficialmente \u00e0 popula\u00e7\u00e3o em julho de 2026.<\/p>\n\n\n\n<p>De acordo com o Minist\u00e9rio da Energia e \u00c1guas, a empreitada decorre dentro dos n\u00edveis t\u00e9cnicos e cronogramas previstos, o que permitir\u00e1 com que se cumpra com o prazo de entrega programado.<\/p>\n\n\n\n<p>Com uma pot\u00eancia instalada de 42,4 MWp, associada a uma linha de transporte em m\u00e9dia tens\u00e3o com aproximadamente 50 quil\u00f3metros de extens\u00e3o, o parque solar fotovoltaico do Cafunfo possuir\u00e1 capacidade para abastecer cerca de 30 mil habita\u00e7\u00f5es e beneficiar mais de 100 mil habitantes desta localidade. Ler mais em <strong><em><a href=\"https:\/\/www.opais.ao\/sociedade\/obras-do-parque-fotovoltaico-do-cafunfo-concluidas-em-julho-deste-ano\/\">Opa\u00eds<\/a><\/em><\/strong><\/p>\n","protected":false},"excerpt":{"rendered":"<p>As obras do parque solar fotovoltaico, uma imponente infra-estrutura energ\u00e9tica e social a ser erguida no munic\u00edpio do Cafunfo, prov\u00edncia da Lunda-Norte, podem estar conclu\u00eddas e serem entregues oficialmente \u00e0 popula\u00e7\u00e3o em julho de 2026. De acordo com o Minist\u00e9rio da Energia e \u00c1guas, a empreitada decorre dentro dos n\u00edveis t\u00e9cnicos e cronogramas previstos, o [&hellip;]<\/p>\n","protected":false},"author":3,"featured_media":4051,"comment_status":"open","ping_status":"open","sticky":false,"template":"","format":"standard","meta":{"footnotes":""},"categories":[16],"tags":[1653,1652],"class_list":["post-4050","post","type-post","status-publish","format-standard","has-post-thumbnail","hentry","category-actualidade","tag-cafufnfu","tag-parque-fotovoltaico"],"blocksy_meta":[],"_links":{"self":[{"href":"https:\/\/www.radiomais.ao\/index.php\/wp-json\/wp\/v2\/posts\/4050","targetHints":{"allow":["GET"]}}],"collection":[{"href":"https:\/\/www.radiomais.ao\/index.php\/wp-json\/wp\/v2\/posts"}],"about":[{"href":"https:\/\/www.radiomais.ao\/index.php\/wp-json\/wp\/v2\/types\/post"}],"author":[{"embeddable":true,"href":"https:\/\/www.radiomais.ao\/index.php\/wp-json\/wp\/v2\/users\/3"}],"replies":[{"embeddable":true,"href":"https:\/\/www.radiomais.ao\/index.php\/wp-json\/wp\/v2\/comments?post=4050"}],"version-history":[{"count":1,"href":"https:\/\/www.radiomais.ao\/index.php\/wp-json\/wp\/v2\/posts\/4050\/revisions"}],"predecessor-version":[{"id":4052,"href":"https:\/\/www.radiomais.ao\/index.php\/wp-json\/wp\/v2\/posts\/4050\/revisions\/4052"}],"wp:featuredmedia":[{"embeddable":true,"href":"https:\/\/www.radiomais.ao\/index.php\/wp-json\/wp\/v2\/media\/4051"}],"wp:attachment":[{"href":"https:\/\/www.radiomais.ao\/index.php\/wp-json\/wp\/v2\/media?parent=4050"}],"wp:term":[{"taxonomy":"category","embeddable":true,"href":"https:\/\/www.radiomais.ao\/index.php\/wp-json\/wp\/v2\/categories?post=4050"},{"taxonomy":"post_tag","embeddable":true,"href":"https:\/\/www.radiomais.ao\/index.php\/wp-json\/wp\/v2\/tags?post=4050"}],"curies":[{"name":"wp","href":"https:\/\/api.w.org\/{rel}","templated":true}]}}