{"id":4053,"date":"2026-01-14T13:45:14","date_gmt":"2026-01-14T12:45:14","guid":{"rendered":"https:\/\/www.radiomais.ao\/?p=4053"},"modified":"2026-01-14T13:45:14","modified_gmt":"2026-01-14T12:45:14","slug":"efemeride-o-dia-internacional-do-compositor","status":"publish","type":"post","link":"https:\/\/www.radiomais.ao\/index.php\/2026\/01\/14\/efemeride-o-dia-internacional-do-compositor\/","title":{"rendered":"Efem\u00e9ride: O dia Internacional do Compositor."},"content":{"rendered":"\n<p>Hoje \u00e9 o Dia Internacional do Compositor, a data que celebra quem consegue: transformar pensamentos, sentimentos e hist\u00f3rias em notas e melodias que tocam o cora\u00e7\u00e3o.<\/p>\n\n\n\n<p>Eles s\u00e3o os criadores invis\u00edveis por tr\u00e1s de trilhas sonoras, hits que n\u00e3o saem da cabe\u00e7a e can\u00e7\u00f5es que parecem falar exatamente o que sentimos.<\/p>\n\n\n<div \n    class=\"align wp-block-scb-sound-cloud\"    id=\"scbSoundCloud-1\"\n    data-attributes='{&quot;cId&quot;:&quot;2cbcff0d-6&quot;,&quot;tracks&quot;:[{&quot;url&quot;:&quot;https:\\\/\\\/soundcloud.com\\\/radio-mais-luanda\\\/dia-internacional-do-compositor?si=9d758658873d4fe988bb53fb9e7ff694&amp;utm_source=clipboard&amp;utm_medium=text&amp;utm_campaign=social_sharing&quot;,&quot;startTrack&quot;:0}],&quot;alignment&quot;:&quot;center&quot;,&quot;align&quot;:&quot;&quot;,&quot;options&quot;:{&quot;isAutoPlay&quot;:true,&quot;color&quot;:&quot;#f50&quot;,&quot;isBuying&quot;:true,&quot;isSharing&quot;:true,&quot;isDownload&quot;:true,&quot;isArtWork&quot;:true,&quot;isPlayCount&quot;:true,&quot;isUser&quot;:true,&quot;isSingleActive&quot;:true,&quot;isComments&quot;:true,&quot;isVisual&quot;:false,&quot;isTeaser&quot;:false,&quot;isHideRelated&quot;:false},&quot;iframeStyle&quot;:{&quot;width&quot;:&quot;100%&quot;,&quot;height&quot;:&quot;170px&quot;},&quot;frameBorder&quot;:{&quot;color&quot;:&quot;#000&quot;,&quot;style&quot;:&quot;solid&quot;,&quot;width&quot;:&quot;1px&quot;},&quot;frameBRadius&quot;:{&quot;top&quot;:&quot;3px&quot;,&quot;bottom&quot;:&quot;3px&quot;,&quot;left&quot;:&quot;3px&quot;,&quot;right&quot;:&quot;3px&quot;},&quot;frameBoxShadow&quot;:[]}'>\n<\/div>\n\n \n      \n\n\n<p>Do piano silencioso no quarto \u00e0 batida que lota est\u00e1dios, cada nota carrega a assinatura do compositor essa figura muitas vezes desconhecida, mas essencial para a identidade musical de um povo.<\/p>\n\n\n\n<p>Em Angola, a composi\u00e7\u00e3o musical sempre foi uma poderosa ferramenta de identidade, resist\u00eancia e mem\u00f3ria hist\u00f3rica.<\/p>\n\n\n\n<p>Antes mesmo da coloniza\u00e7\u00e3o, as comunidades angolanas j\u00e1 utilizavam a m\u00fasica como forma de comunica\u00e7\u00e3o, celebra\u00e7\u00e3o, ritual e transmiss\u00e3o de conhecimento.<\/p>\n\n\n\n<p>Ritmos, tradicionais formavam a base de uma rica heran\u00e7a sonora que, ao longo do tempo, daria origem a estilos marcantes como o Semba, Kazukuta e quilapanga, instrumento de resist\u00eancia cultural durante o per\u00edodo colonial.<\/p>\n\n\n\n<p>&nbsp;\u201cTudo por Angola, ela \u00e9 minha, ela \u00e9 tua, ela \u00e9 nossa\u201d \u2014 um trecho que resume o esp\u00edrito de uni\u00e3o, perten\u00e7a e orgulho nacional, reafirmando o papel da m\u00fasica na constru\u00e7\u00e3o da consci\u00eancia coletiva.<\/p>\n\n\n\n<p>Foi pela caneta de Tot\u00f3 que nasceu o hino dos 50 anos da Independ\u00eancia Nacional, uma obra que descreve como m\u00e1gico o momento da sua cria\u00e7\u00e3o.<\/p>\n","protected":false},"excerpt":{"rendered":"<p>Hoje \u00e9 o Dia Internacional do Compositor, a data que celebra quem consegue: transformar pensamentos, sentimentos e hist\u00f3rias em notas e melodias que tocam o cora\u00e7\u00e3o. Eles s\u00e3o os criadores invis\u00edveis por tr\u00e1s de trilhas sonoras, hits que n\u00e3o saem da cabe\u00e7a e can\u00e7\u00f5es que parecem falar exatamente o que sentimos. Do piano silencioso no [&hellip;]<\/p>\n","protected":false},"author":3,"featured_media":4054,"comment_status":"open","ping_status":"open","sticky":false,"template":"","format":"standard","meta":{"footnotes":""},"categories":[16],"tags":[1654,1336],"class_list":["post-4053","post","type-post","status-publish","format-standard","has-post-thumbnail","hentry","category-actualidade","tag-dia-do-compositor","tag-efemeride"],"blocksy_meta":[],"_links":{"self":[{"href":"https:\/\/www.radiomais.ao\/index.php\/wp-json\/wp\/v2\/posts\/4053","targetHints":{"allow":["GET"]}}],"collection":[{"href":"https:\/\/www.radiomais.ao\/index.php\/wp-json\/wp\/v2\/posts"}],"about":[{"href":"https:\/\/www.radiomais.ao\/index.php\/wp-json\/wp\/v2\/types\/post"}],"author":[{"embeddable":true,"href":"https:\/\/www.radiomais.ao\/index.php\/wp-json\/wp\/v2\/users\/3"}],"replies":[{"embeddable":true,"href":"https:\/\/www.radiomais.ao\/index.php\/wp-json\/wp\/v2\/comments?post=4053"}],"version-history":[{"count":1,"href":"https:\/\/www.radiomais.ao\/index.php\/wp-json\/wp\/v2\/posts\/4053\/revisions"}],"predecessor-version":[{"id":4055,"href":"https:\/\/www.radiomais.ao\/index.php\/wp-json\/wp\/v2\/posts\/4053\/revisions\/4055"}],"wp:featuredmedia":[{"embeddable":true,"href":"https:\/\/www.radiomais.ao\/index.php\/wp-json\/wp\/v2\/media\/4054"}],"wp:attachment":[{"href":"https:\/\/www.radiomais.ao\/index.php\/wp-json\/wp\/v2\/media?parent=4053"}],"wp:term":[{"taxonomy":"category","embeddable":true,"href":"https:\/\/www.radiomais.ao\/index.php\/wp-json\/wp\/v2\/categories?post=4053"},{"taxonomy":"post_tag","embeddable":true,"href":"https:\/\/www.radiomais.ao\/index.php\/wp-json\/wp\/v2\/tags?post=4053"}],"curies":[{"name":"wp","href":"https:\/\/api.w.org\/{rel}","templated":true}]}}