{"id":4056,"date":"2026-01-15T09:40:09","date_gmt":"2026-01-15T08:40:09","guid":{"rendered":"https:\/\/www.radiomais.ao\/?p=4056"},"modified":"2026-01-15T11:14:30","modified_gmt":"2026-01-15T10:14:30","slug":"agt-suspende-mais-de-800-nif-de-empresas-no-cubango","status":"publish","type":"post","link":"https:\/\/www.radiomais.ao\/index.php\/2026\/01\/15\/agt-suspende-mais-de-800-nif-de-empresas-no-cubango\/","title":{"rendered":"AGT suspende mais de 800 NIF de empresas no Cubango."},"content":{"rendered":"\n<p><strong>A Administra\u00e7\u00e3o Geral Tribut\u00e1ria (AGT) suspendeu cerca de 850 N\u00fameros de Identifica\u00e7\u00e3o Fiscal (NIF) de empresas que atuam na prov\u00edncia do Cubango por alegadas irregularidades, como a fuga de fisco<\/strong>.<\/p>\n\n\n\n<p>A chefe de Sec\u00e7\u00e3o de Cadastro, Arrecada\u00e7\u00e3o e Patrim\u00f3nio da Reparti\u00e7\u00e3o Fiscal de Menongue, Alice de Melo, explica que a medida aplicada tem respaldo legal, estabelecido no Regime Jur\u00eddico do NIF. \u201cEste regime j\u00e1 abarca todas as empresas, aquelas que receberam e simplesmente n\u00e3o quiseram declarar ou n\u00e3o sabiam que tinham obriga\u00e7\u00f5es declarativas, e abarca tamb\u00e9m aquelas que, apesar de serem fornecedoras ou terem alguma negocia\u00e7\u00e3o com o Estado, n\u00e3o se beneficiaram de nenhuma neste ano e acharam que n\u00e3o t\u00eam nenhuma obriga\u00e7\u00e3o declarativa\u201d, disse<\/p>\n\n\n\n<p>No Cubango, muitas empresas dependem ainda da ordem de saque, segundo a respons\u00e1vel citada pela R\u00e1dio Nacional de Angola, o que leva muitos empres\u00e1rios a pensar que, pelo facto, de esta- rem a negociar com o Estado, podem se furtar das suas obriga\u00e7\u00f5es fiscais.<\/p>\n","protected":false},"excerpt":{"rendered":"<p>A Administra\u00e7\u00e3o Geral Tribut\u00e1ria (AGT) suspendeu cerca de 850 N\u00fameros de Identifica\u00e7\u00e3o Fiscal (NIF) de empresas que atuam na prov\u00edncia do Cubango por alegadas irregularidades, como a fuga de fisco. A chefe de Sec\u00e7\u00e3o de Cadastro, Arrecada\u00e7\u00e3o e Patrim\u00f3nio da Reparti\u00e7\u00e3o Fiscal de Menongue, Alice de Melo, explica que a medida aplicada tem respaldo legal, [&hellip;]<\/p>\n","protected":false},"author":3,"featured_media":4057,"comment_status":"open","ping_status":"open","sticky":false,"template":"","format":"standard","meta":{"footnotes":""},"categories":[],"tags":[1656,606,22,1655],"class_list":["post-4056","post","type-post","status-publish","format-standard","has-post-thumbnail","hentry","tag-1656","tag-agt","tag-destaque","tag-nif"],"blocksy_meta":[],"_links":{"self":[{"href":"https:\/\/www.radiomais.ao\/index.php\/wp-json\/wp\/v2\/posts\/4056","targetHints":{"allow":["GET"]}}],"collection":[{"href":"https:\/\/www.radiomais.ao\/index.php\/wp-json\/wp\/v2\/posts"}],"about":[{"href":"https:\/\/www.radiomais.ao\/index.php\/wp-json\/wp\/v2\/types\/post"}],"author":[{"embeddable":true,"href":"https:\/\/www.radiomais.ao\/index.php\/wp-json\/wp\/v2\/users\/3"}],"replies":[{"embeddable":true,"href":"https:\/\/www.radiomais.ao\/index.php\/wp-json\/wp\/v2\/comments?post=4056"}],"version-history":[{"count":1,"href":"https:\/\/www.radiomais.ao\/index.php\/wp-json\/wp\/v2\/posts\/4056\/revisions"}],"predecessor-version":[{"id":4058,"href":"https:\/\/www.radiomais.ao\/index.php\/wp-json\/wp\/v2\/posts\/4056\/revisions\/4058"}],"wp:featuredmedia":[{"embeddable":true,"href":"https:\/\/www.radiomais.ao\/index.php\/wp-json\/wp\/v2\/media\/4057"}],"wp:attachment":[{"href":"https:\/\/www.radiomais.ao\/index.php\/wp-json\/wp\/v2\/media?parent=4056"}],"wp:term":[{"taxonomy":"category","embeddable":true,"href":"https:\/\/www.radiomais.ao\/index.php\/wp-json\/wp\/v2\/categories?post=4056"},{"taxonomy":"post_tag","embeddable":true,"href":"https:\/\/www.radiomais.ao\/index.php\/wp-json\/wp\/v2\/tags?post=4056"}],"curies":[{"name":"wp","href":"https:\/\/api.w.org\/{rel}","templated":true}]}}