{"id":4059,"date":"2026-01-15T09:45:01","date_gmt":"2026-01-15T08:45:01","guid":{"rendered":"https:\/\/www.radiomais.ao\/?p=4059"},"modified":"2026-01-15T09:45:01","modified_gmt":"2026-01-15T08:45:01","slug":"angola-assina-protocolo-de-cooperacao-com-a-defesa-civil-do-dubai","status":"publish","type":"post","link":"https:\/\/www.radiomais.ao\/index.php\/2026\/01\/15\/angola-assina-protocolo-de-cooperacao-com-a-defesa-civil-do-dubai\/","title":{"rendered":"Angola assina Protocolo de Coopera\u00e7\u00e3o com a Defesa Civil do Dubai."},"content":{"rendered":"\n<p>O Servi\u00e7o de Protec\u00e7\u00e3o Civil e Bombeiros, \u00f3rg\u00e3o afecto ao Minist\u00e9rio do Interior, assinou, nesta quarta-feira, 14, um Protocolo de Coopera\u00e7\u00e3o com a Defesa Civil do Dubai, que fortalece os la\u00e7os institucionais e a coopera\u00e7\u00e3o estrat\u00e9gica no dom\u00ednio da protec\u00e7\u00e3o civil e da seguran\u00e7a contra inc\u00eandios.<br>\u200e<br>\u200eA assinatura do documento aconteceu \u00e0 margem do Encontro Anual de L\u00edderes Globais em Seguran\u00e7a e Protec\u00e7\u00e3o Contra Inc\u00eandios, que decorre no Dubai, durante uma reuni\u00e3o de alinhamento entre os oficiais bombeiros nacionais com a Direc\u00e7\u00e3o da Defesa Civil daquela cidade dos Emirados \u00c1rabes Unidos.<br>\u200e<br>\u200eO protocolo, assinado pelo comandante do SPCB, comiss\u00e1rio-bombeiro principal Bravo Pereira Mendes, ladeado pelo comiss\u00e1rio bombeiro Jos\u00e9 Pedro Maiembe Humba, visa o refor\u00e7o da capacita\u00e7\u00e3o t\u00e9cnica, formativa e tecnol\u00f3gica dos efectivos angolanos.<\/p>\n\n\n\n<p>O Encontro Anual de L\u00edderes Globais em Seguran\u00e7a e Protec\u00e7\u00e3o Contra Inc\u00eandios, integrado na Feira Internacional de Tecnologias de Seguran\u00e7a \u2013 INTERSEC 2026, tem como principal enfoque a aplica\u00e7\u00e3o da Intelig\u00eancia Artificial (IA) e da Rob\u00f3tica ao servi\u00e7o da seguran\u00e7a e da protec\u00e7\u00e3o contra inc\u00eandios.<br>\u200e<br>\u200eAo discursar na abertura oficial do evento, o comandante-geral da Defesa Civil do Dubai, Major-General Rashid Thani Al Matrooshi, sublinhou a import\u00e2ncia da coopera\u00e7\u00e3o internacional, da inova\u00e7\u00e3o tecnol\u00f3gica e do refor\u00e7o das capacidades institucionais como os factores principais para a mitiga\u00e7\u00e3o de riscos e a protec\u00e7\u00e3o de vidas humanas.<\/p>\n","protected":false},"excerpt":{"rendered":"<p>O Servi\u00e7o de Protec\u00e7\u00e3o Civil e Bombeiros, \u00f3rg\u00e3o afecto ao Minist\u00e9rio do Interior, assinou, nesta quarta-feira, 14, um Protocolo de Coopera\u00e7\u00e3o com a Defesa Civil do Dubai, que fortalece os la\u00e7os institucionais e a coopera\u00e7\u00e3o estrat\u00e9gica no dom\u00ednio da protec\u00e7\u00e3o civil e da seguran\u00e7a contra inc\u00eandios.\u200e\u200eA assinatura do documento aconteceu \u00e0 margem do Encontro Anual [&hellip;]<\/p>\n","protected":false},"author":3,"featured_media":4060,"comment_status":"open","ping_status":"open","sticky":false,"template":"","format":"standard","meta":{"footnotes":""},"categories":[16],"tags":[1657,1658],"class_list":["post-4059","post","type-post","status-publish","format-standard","has-post-thumbnail","hentry","category-actualidade","tag-angola-assina-protocolo-de-cooperacao","tag-defesa-civil-do-dubai"],"blocksy_meta":[],"_links":{"self":[{"href":"https:\/\/www.radiomais.ao\/index.php\/wp-json\/wp\/v2\/posts\/4059","targetHints":{"allow":["GET"]}}],"collection":[{"href":"https:\/\/www.radiomais.ao\/index.php\/wp-json\/wp\/v2\/posts"}],"about":[{"href":"https:\/\/www.radiomais.ao\/index.php\/wp-json\/wp\/v2\/types\/post"}],"author":[{"embeddable":true,"href":"https:\/\/www.radiomais.ao\/index.php\/wp-json\/wp\/v2\/users\/3"}],"replies":[{"embeddable":true,"href":"https:\/\/www.radiomais.ao\/index.php\/wp-json\/wp\/v2\/comments?post=4059"}],"version-history":[{"count":1,"href":"https:\/\/www.radiomais.ao\/index.php\/wp-json\/wp\/v2\/posts\/4059\/revisions"}],"predecessor-version":[{"id":4061,"href":"https:\/\/www.radiomais.ao\/index.php\/wp-json\/wp\/v2\/posts\/4059\/revisions\/4061"}],"wp:featuredmedia":[{"embeddable":true,"href":"https:\/\/www.radiomais.ao\/index.php\/wp-json\/wp\/v2\/media\/4060"}],"wp:attachment":[{"href":"https:\/\/www.radiomais.ao\/index.php\/wp-json\/wp\/v2\/media?parent=4059"}],"wp:term":[{"taxonomy":"category","embeddable":true,"href":"https:\/\/www.radiomais.ao\/index.php\/wp-json\/wp\/v2\/categories?post=4059"},{"taxonomy":"post_tag","embeddable":true,"href":"https:\/\/www.radiomais.ao\/index.php\/wp-json\/wp\/v2\/tags?post=4059"}],"curies":[{"name":"wp","href":"https:\/\/api.w.org\/{rel}","templated":true}]}}