{"id":4062,"date":"2026-01-15T10:08:16","date_gmt":"2026-01-15T09:08:16","guid":{"rendered":"https:\/\/www.radiomais.ao\/?p=4062"},"modified":"2026-01-15T10:08:16","modified_gmt":"2026-01-15T09:08:16","slug":"discussao-do-estatuto-das-ong-prossegue-depois-da-aprovacao-do-capitulo-ii","status":"publish","type":"post","link":"https:\/\/www.radiomais.ao\/index.php\/2026\/01\/15\/discussao-do-estatuto-das-ong-prossegue-depois-da-aprovacao-do-capitulo-ii\/","title":{"rendered":"Discuss\u00e3o do Estatuto das ONG prossegue depois da aprova\u00e7\u00e3o do cap\u00edtulo II."},"content":{"rendered":"\n<p><strong>As Comiss\u00f5es de Trabalho Especializadas da Assembleia Nacional aprovaram, ontem, na especialidade, o Cap\u00edtulo 2 da Proposta de Lei que aprova o Estatuto das Organiza\u00e7\u00f5es N\u00e3o Governamentais (ONG), com 23 votos a favor, nenhuma absten\u00e7\u00e3o e 7 votos contra da bancada da UNITA. <\/strong><\/p>\n\n\n\n<p>A sess\u00e3o, dirigida pelo deputado Ant\u00f3nio Paulo, registou avan\u00e7os considerados \u201csubstanciais\u201d, com a incorpora\u00e7\u00e3o de v\u00e1rias emendas sugeridas pelos deputados, pela relatoria e pelo Minist\u00e9rio da Justi\u00e7a e dos Direitos Humanos \u2014 tendo sido interpretado como primeiros consensos no debate parlamentar.<\/p>\n\n\n\n<p>O Cap\u00edtulo 2 foi sujeito \u00e0 an\u00e1lise artigo por artigo, sendo aprovadas emendas nos Artigos 6\u00ba, 7\u00ba, 8\u00ba, 9\u00ba, 12\u00ba e 13\u00ba, maioritariamente relacionadas a ajustes de redac\u00e7\u00e3o, precis\u00e3o jur\u00eddica e t\u00e9cnica legislativa. Ler mais em <strong><em><a href=\"https:\/\/www.opais.ao\/politica\/discussao-do-estatuto-das-ong-prossegue-depois-da-aprovacao-do-capitulo-ii\/\">Opa\u00eds<\/a><\/em><\/strong><\/p>\n","protected":false},"excerpt":{"rendered":"<p>As Comiss\u00f5es de Trabalho Especializadas da Assembleia Nacional aprovaram, ontem, na especialidade, o Cap\u00edtulo 2 da Proposta de Lei que aprova o Estatuto das Organiza\u00e7\u00f5es N\u00e3o Governamentais (ONG), com 23 votos a favor, nenhuma absten\u00e7\u00e3o e 7 votos contra da bancada da UNITA. A sess\u00e3o, dirigida pelo deputado Ant\u00f3nio Paulo, registou avan\u00e7os considerados \u201csubstanciais\u201d, com [&hellip;]<\/p>\n","protected":false},"author":3,"featured_media":4063,"comment_status":"open","ping_status":"open","sticky":false,"template":"","format":"standard","meta":{"footnotes":""},"categories":[16],"tags":[1659],"class_list":["post-4062","post","type-post","status-publish","format-standard","has-post-thumbnail","hentry","category-actualidade","tag-estatuto-das-ong"],"blocksy_meta":[],"_links":{"self":[{"href":"https:\/\/www.radiomais.ao\/index.php\/wp-json\/wp\/v2\/posts\/4062","targetHints":{"allow":["GET"]}}],"collection":[{"href":"https:\/\/www.radiomais.ao\/index.php\/wp-json\/wp\/v2\/posts"}],"about":[{"href":"https:\/\/www.radiomais.ao\/index.php\/wp-json\/wp\/v2\/types\/post"}],"author":[{"embeddable":true,"href":"https:\/\/www.radiomais.ao\/index.php\/wp-json\/wp\/v2\/users\/3"}],"replies":[{"embeddable":true,"href":"https:\/\/www.radiomais.ao\/index.php\/wp-json\/wp\/v2\/comments?post=4062"}],"version-history":[{"count":1,"href":"https:\/\/www.radiomais.ao\/index.php\/wp-json\/wp\/v2\/posts\/4062\/revisions"}],"predecessor-version":[{"id":4064,"href":"https:\/\/www.radiomais.ao\/index.php\/wp-json\/wp\/v2\/posts\/4062\/revisions\/4064"}],"wp:featuredmedia":[{"embeddable":true,"href":"https:\/\/www.radiomais.ao\/index.php\/wp-json\/wp\/v2\/media\/4063"}],"wp:attachment":[{"href":"https:\/\/www.radiomais.ao\/index.php\/wp-json\/wp\/v2\/media?parent=4062"}],"wp:term":[{"taxonomy":"category","embeddable":true,"href":"https:\/\/www.radiomais.ao\/index.php\/wp-json\/wp\/v2\/categories?post=4062"},{"taxonomy":"post_tag","embeddable":true,"href":"https:\/\/www.radiomais.ao\/index.php\/wp-json\/wp\/v2\/tags?post=4062"}],"curies":[{"name":"wp","href":"https:\/\/api.w.org\/{rel}","templated":true}]}}