{"id":4065,"date":"2026-01-15T10:13:37","date_gmt":"2026-01-15T09:13:37","guid":{"rendered":"https:\/\/www.radiomais.ao\/?p=4065"},"modified":"2026-01-15T10:13:37","modified_gmt":"2026-01-15T09:13:37","slug":"presidente-joao-lourenco-chama-bispos-congoleses-ao-dialogo-para-a-paz-na-regiao-leste-da-rdc","status":"publish","type":"post","link":"https:\/\/www.radiomais.ao\/index.php\/2026\/01\/15\/presidente-joao-lourenco-chama-bispos-congoleses-ao-dialogo-para-a-paz-na-regiao-leste-da-rdc\/","title":{"rendered":"Presidente Jo\u00e3o Louren\u00e7o chama bispos congoleses ao di\u00e1logo para a paz na regi\u00e3o Leste da RDC."},"content":{"rendered":"\n<p><strong>Os bispos congoleses garantiram o seu apoio \u00e0s iniciativas do Chefe de Estado angolano para a busca da paz na regi\u00e3o leste da RDC. A delega\u00e7\u00e3o, que foi recebida ontem no Pal\u00e1cio Presidencial, pede a colabora\u00e7\u00e3o de todas as partes envolvidas para que se alcance a estabilidade naquela regi\u00e3o da RDC<\/strong>.<\/p>\n\n\n\n<p>A delega\u00e7\u00e3o de bispos integrantes da Confer\u00eancia Episcopal das Igrejas Crist\u00e3s e Evang\u00e9licas do Congo (CENCO) deslocou-se a Luanda a convite do Presidente Jo\u00e3o Louren\u00e7o, a fim de abordar quest\u00f5es ligadas ao processo de paz na RDC. S\u00f3 no in\u00edcio deste m\u00eas, o Presidente Jo\u00e3o Louren\u00e7o recebeu por duas vezes o Presidente da Rep\u00fablica Democr\u00e1tica do Congo, F\u00e9lix Tchisekedi, para juntos poderem encontrar caminhos para p\u00f4r fim ao conflito vigente na regi\u00e3o Leste da RDC.<\/p>\n\n\n\n<p>No final da audi\u00eancia, o secret\u00e1rio- geral da CENCO, Donatien Babula Nshole, garantiu que, t\u00e3o logo o Presidente Jo\u00e3o Louren\u00e7o indicar uma equipa para a recolha de sugest\u00f5es para um processo de di\u00e1logo nacional congol\u00eas, os bispos dar\u00e3o tamb\u00e9m as suas sugest\u00f5es.<\/p>\n\n\n\n<p><\/p>\n","protected":false},"excerpt":{"rendered":"<p>Os bispos congoleses garantiram o seu apoio \u00e0s iniciativas do Chefe de Estado angolano para a busca da paz na regi\u00e3o leste da RDC. A delega\u00e7\u00e3o, que foi recebida ontem no Pal\u00e1cio Presidencial, pede a colabora\u00e7\u00e3o de todas as partes envolvidas para que se alcance a estabilidade naquela regi\u00e3o da RDC. A delega\u00e7\u00e3o de bispos [&hellip;]<\/p>\n","protected":false},"author":3,"featured_media":4066,"comment_status":"open","ping_status":"open","sticky":false,"template":"","format":"standard","meta":{"footnotes":""},"categories":[16],"tags":[1660,769],"class_list":["post-4065","post","type-post","status-publish","format-standard","has-post-thumbnail","hentry","category-actualidade","tag-bispos-congoleses","tag-rdc"],"blocksy_meta":[],"_links":{"self":[{"href":"https:\/\/www.radiomais.ao\/index.php\/wp-json\/wp\/v2\/posts\/4065","targetHints":{"allow":["GET"]}}],"collection":[{"href":"https:\/\/www.radiomais.ao\/index.php\/wp-json\/wp\/v2\/posts"}],"about":[{"href":"https:\/\/www.radiomais.ao\/index.php\/wp-json\/wp\/v2\/types\/post"}],"author":[{"embeddable":true,"href":"https:\/\/www.radiomais.ao\/index.php\/wp-json\/wp\/v2\/users\/3"}],"replies":[{"embeddable":true,"href":"https:\/\/www.radiomais.ao\/index.php\/wp-json\/wp\/v2\/comments?post=4065"}],"version-history":[{"count":1,"href":"https:\/\/www.radiomais.ao\/index.php\/wp-json\/wp\/v2\/posts\/4065\/revisions"}],"predecessor-version":[{"id":4067,"href":"https:\/\/www.radiomais.ao\/index.php\/wp-json\/wp\/v2\/posts\/4065\/revisions\/4067"}],"wp:featuredmedia":[{"embeddable":true,"href":"https:\/\/www.radiomais.ao\/index.php\/wp-json\/wp\/v2\/media\/4066"}],"wp:attachment":[{"href":"https:\/\/www.radiomais.ao\/index.php\/wp-json\/wp\/v2\/media?parent=4065"}],"wp:term":[{"taxonomy":"category","embeddable":true,"href":"https:\/\/www.radiomais.ao\/index.php\/wp-json\/wp\/v2\/categories?post=4065"},{"taxonomy":"post_tag","embeddable":true,"href":"https:\/\/www.radiomais.ao\/index.php\/wp-json\/wp\/v2\/tags?post=4065"}],"curies":[{"name":"wp","href":"https:\/\/api.w.org\/{rel}","templated":true}]}}