{"id":4071,"date":"2026-01-15T10:21:17","date_gmt":"2026-01-15T09:21:17","guid":{"rendered":"https:\/\/www.radiomais.ao\/?p=4071"},"modified":"2026-01-15T10:21:17","modified_gmt":"2026-01-15T09:21:17","slug":"banco-mundial-mantem-previsao-de-crescimento-economico-de-angola-em-26","status":"publish","type":"post","link":"https:\/\/www.radiomais.ao\/index.php\/2026\/01\/15\/banco-mundial-mantem-previsao-de-crescimento-economico-de-angola-em-26\/","title":{"rendered":"Banco Mundial mant\u00e9m previs\u00e3o de crescimento econ\u00f3mico de Angola em 2,6%."},"content":{"rendered":"\n<p><strong>O crescimento econ\u00f3mico de Angola vai manter-se em 2,6% este ano, superando os outros quatro Pa\u00edses Africanos de L\u00edngua Oficial Portuguesa (PALOP), \u00e0 excep\u00e7\u00e3o da Guin\u00e9-Bissau, cuja economia vai crescer 5,2%, segundo previs\u00f5es do Banco Mundial (BM)<\/strong><\/p>\n\n\n\n<p>De acordo com o relat\u00f3rio do BM sobre as Perspetivas Econ\u00f3micas Globais, divulgado esta ter\u00e7a- feira (13), em Washington (EUA), com excep\u00e7\u00e3o de Angola e da Guin\u00e9-Bissau, a previs\u00e3o de crescimento econ\u00f3mico para os outros PALOP (Cabo Verde, Mo\u00e7ambi- que, S\u00e3o Tom\u00e9 e Pr\u00edncipe e Guin\u00e9 Equatorial), em 2026, foi revista em baixa.<\/p>\n\n\n\n<p>Em 2025, as estimativas do Banco Mundial apontavam um crescimento de 2,3% para economia de Angola, contra 4,4% registado em 2024, ano em que registou maior crescimento do PIB angolano nos \u00faltimos dez anos. A actual previs\u00e3o do Banco Mundial para Angola est\u00e1 abaixo da perspectiva que consta no Or\u00e7amento Geral de Estado (OGE) angolano para o exerc\u00edcio econ\u00f3mico 2026, que projecta um crescimento real do Produto Interno Bruto (PIB) de 4,17%, um crescimento a ser impulsionado, exclusivamente, pelo sector n\u00e3o petrol\u00edfero.<\/p>\n\n\n\n<p>A prop\u00f3sito do relat\u00f3rio do BM, os economistas da institui\u00e7\u00e3o de Bretton Woods reconhecem que as condi\u00e7\u00f5es de financiamento come\u00e7aram a melhorar, com v\u00e1rias economias, incluindo Angola, Rep\u00fablica do Congo, Qu\u00e9nia e Nig\u00e9ria, a recuperar o acesso aos mercados de capitais internacionais. Segundo o documento, a economia mundial tem se mostrado mais resiliente do que o previsto, apesar de tens\u00f5es comerciais persistentes e incertezas sobre pol\u00edticas p\u00fablicas.<\/p>\n","protected":false},"excerpt":{"rendered":"<p>O crescimento econ\u00f3mico de Angola vai manter-se em 2,6% este ano, superando os outros quatro Pa\u00edses Africanos de L\u00edngua Oficial Portuguesa (PALOP), \u00e0 excep\u00e7\u00e3o da Guin\u00e9-Bissau, cuja economia vai crescer 5,2%, segundo previs\u00f5es do Banco Mundial (BM) De acordo com o relat\u00f3rio do BM sobre as Perspetivas Econ\u00f3micas Globais, divulgado esta ter\u00e7a- feira (13), em [&hellip;]<\/p>\n","protected":false},"author":3,"featured_media":4072,"comment_status":"open","ping_status":"open","sticky":false,"template":"","format":"standard","meta":{"footnotes":""},"categories":[16],"tags":[1326,1663],"class_list":["post-4071","post","type-post","status-publish","format-standard","has-post-thumbnail","hentry","category-actualidade","tag-banco-mundial","tag-crescimento-economico-de-angola"],"blocksy_meta":[],"_links":{"self":[{"href":"https:\/\/www.radiomais.ao\/index.php\/wp-json\/wp\/v2\/posts\/4071","targetHints":{"allow":["GET"]}}],"collection":[{"href":"https:\/\/www.radiomais.ao\/index.php\/wp-json\/wp\/v2\/posts"}],"about":[{"href":"https:\/\/www.radiomais.ao\/index.php\/wp-json\/wp\/v2\/types\/post"}],"author":[{"embeddable":true,"href":"https:\/\/www.radiomais.ao\/index.php\/wp-json\/wp\/v2\/users\/3"}],"replies":[{"embeddable":true,"href":"https:\/\/www.radiomais.ao\/index.php\/wp-json\/wp\/v2\/comments?post=4071"}],"version-history":[{"count":1,"href":"https:\/\/www.radiomais.ao\/index.php\/wp-json\/wp\/v2\/posts\/4071\/revisions"}],"predecessor-version":[{"id":4073,"href":"https:\/\/www.radiomais.ao\/index.php\/wp-json\/wp\/v2\/posts\/4071\/revisions\/4073"}],"wp:featuredmedia":[{"embeddable":true,"href":"https:\/\/www.radiomais.ao\/index.php\/wp-json\/wp\/v2\/media\/4072"}],"wp:attachment":[{"href":"https:\/\/www.radiomais.ao\/index.php\/wp-json\/wp\/v2\/media?parent=4071"}],"wp:term":[{"taxonomy":"category","embeddable":true,"href":"https:\/\/www.radiomais.ao\/index.php\/wp-json\/wp\/v2\/categories?post=4071"},{"taxonomy":"post_tag","embeddable":true,"href":"https:\/\/www.radiomais.ao\/index.php\/wp-json\/wp\/v2\/tags?post=4071"}],"curies":[{"name":"wp","href":"https:\/\/api.w.org\/{rel}","templated":true}]}}