{"id":4074,"date":"2026-01-15T10:27:15","date_gmt":"2026-01-15T09:27:15","guid":{"rendered":"https:\/\/www.radiomais.ao\/?p=4074"},"modified":"2026-01-15T10:27:15","modified_gmt":"2026-01-15T09:27:15","slug":"carrinho-suspende-definitivamente-importacao-de-milho-e-aposta-na-auto-suficiencia-nacional","status":"publish","type":"post","link":"https:\/\/www.radiomais.ao\/index.php\/2026\/01\/15\/carrinho-suspende-definitivamente-importacao-de-milho-e-aposta-na-auto-suficiencia-nacional\/","title":{"rendered":"Carrinho suspende definitivamente importa\u00e7\u00e3o de milho e aposta na auto- sufici\u00eancia nacional."},"content":{"rendered":"\n<p>A Carrinho anunciou, nesta Quarta-feira, 14, a cessa\u00e7\u00e3o definitiva da importa\u00e7\u00e3o de milho, passando a garantir 100% do seu abastecimento a partir da produ\u00e7\u00e3o nacional, uma decis\u00e3o que marca um avan\u00e7o hist\u00f3rico na soberania alimentar e no fortalecimento do sector agro-industrial angolano. Ler mais em <strong><em><a href=\"https:\/\/www.opais.ao\/economia\/carrinho-suspende-definitivamente-importacao-de-milho-e-aposta-na-auto-suficiencia-nacional\/\">Opa\u00eds<\/a><\/em><\/strong><\/p>\n","protected":false},"excerpt":{"rendered":"<p>A Carrinho anunciou, nesta Quarta-feira, 14, a cessa\u00e7\u00e3o definitiva da importa\u00e7\u00e3o de milho, passando a garantir 100% do seu abastecimento a partir da produ\u00e7\u00e3o nacional, uma decis\u00e3o que marca um avan\u00e7o hist\u00f3rico na soberania alimentar e no fortalecimento do sector agro-industrial angolano. Ler mais em Opa\u00eds<\/p>\n","protected":false},"author":3,"featured_media":4075,"comment_status":"open","ping_status":"open","sticky":false,"template":"","format":"standard","meta":{"footnotes":""},"categories":[16],"tags":[1181,1664],"class_list":["post-4074","post","type-post","status-publish","format-standard","has-post-thumbnail","hentry","category-actualidade","tag-carrinho","tag-importacao-de-milho"],"blocksy_meta":[],"_links":{"self":[{"href":"https:\/\/www.radiomais.ao\/index.php\/wp-json\/wp\/v2\/posts\/4074","targetHints":{"allow":["GET"]}}],"collection":[{"href":"https:\/\/www.radiomais.ao\/index.php\/wp-json\/wp\/v2\/posts"}],"about":[{"href":"https:\/\/www.radiomais.ao\/index.php\/wp-json\/wp\/v2\/types\/post"}],"author":[{"embeddable":true,"href":"https:\/\/www.radiomais.ao\/index.php\/wp-json\/wp\/v2\/users\/3"}],"replies":[{"embeddable":true,"href":"https:\/\/www.radiomais.ao\/index.php\/wp-json\/wp\/v2\/comments?post=4074"}],"version-history":[{"count":1,"href":"https:\/\/www.radiomais.ao\/index.php\/wp-json\/wp\/v2\/posts\/4074\/revisions"}],"predecessor-version":[{"id":4076,"href":"https:\/\/www.radiomais.ao\/index.php\/wp-json\/wp\/v2\/posts\/4074\/revisions\/4076"}],"wp:featuredmedia":[{"embeddable":true,"href":"https:\/\/www.radiomais.ao\/index.php\/wp-json\/wp\/v2\/media\/4075"}],"wp:attachment":[{"href":"https:\/\/www.radiomais.ao\/index.php\/wp-json\/wp\/v2\/media?parent=4074"}],"wp:term":[{"taxonomy":"category","embeddable":true,"href":"https:\/\/www.radiomais.ao\/index.php\/wp-json\/wp\/v2\/categories?post=4074"},{"taxonomy":"post_tag","embeddable":true,"href":"https:\/\/www.radiomais.ao\/index.php\/wp-json\/wp\/v2\/tags?post=4074"}],"curies":[{"name":"wp","href":"https:\/\/api.w.org\/{rel}","templated":true}]}}