{"id":4077,"date":"2026-01-15T10:30:41","date_gmt":"2026-01-15T09:30:41","guid":{"rendered":"https:\/\/www.radiomais.ao\/?p=4077"},"modified":"2026-01-15T10:30:41","modified_gmt":"2026-01-15T09:30:41","slug":"porto-do-lobito-faz-balanco-positivo-de-2025","status":"publish","type":"post","link":"https:\/\/www.radiomais.ao\/index.php\/2026\/01\/15\/porto-do-lobito-faz-balanco-positivo-de-2025\/","title":{"rendered":"Porto do Lobito faz balan\u00e7o positivo de 2025."},"content":{"rendered":"\n<p>O presidente do Conselho de Administra\u00e7\u00e3o do Porto do Lobito, Celso Rosas, disse, hoje, que a institui\u00e7\u00e3o encerrou o exerc\u00edcio econ\u00f3mico de 2025 com resultados expressivos em todos os principais indicadores operacionais e financeiros, evidenciando crescimento no n\u00famero de navios atendidos, no volume de mercadorias movimentadas, no tr\u00e1fego de contentores e nas receitas arrecadadas. Ler mais em <strong><em><a href=\"https:\/\/www.opais.ao\/economia\/porto-do-lobito-faz-balanco-positivo-de-2025\/\">O pa\u00eds<\/a><\/em><\/strong><\/p>\n","protected":false},"excerpt":{"rendered":"<p>O presidente do Conselho de Administra\u00e7\u00e3o do Porto do Lobito, Celso Rosas, disse, hoje, que a institui\u00e7\u00e3o encerrou o exerc\u00edcio econ\u00f3mico de 2025 com resultados expressivos em todos os principais indicadores operacionais e financeiros, evidenciando crescimento no n\u00famero de navios atendidos, no volume de mercadorias movimentadas, no tr\u00e1fego de contentores e nas receitas arrecadadas. Ler [&hellip;]<\/p>\n","protected":false},"author":3,"featured_media":4078,"comment_status":"open","ping_status":"open","sticky":false,"template":"","format":"standard","meta":{"footnotes":""},"categories":[1],"tags":[],"class_list":["post-4077","post","type-post","status-publish","format-standard","has-post-thumbnail","hentry","category-uncategorized"],"blocksy_meta":[],"_links":{"self":[{"href":"https:\/\/www.radiomais.ao\/index.php\/wp-json\/wp\/v2\/posts\/4077","targetHints":{"allow":["GET"]}}],"collection":[{"href":"https:\/\/www.radiomais.ao\/index.php\/wp-json\/wp\/v2\/posts"}],"about":[{"href":"https:\/\/www.radiomais.ao\/index.php\/wp-json\/wp\/v2\/types\/post"}],"author":[{"embeddable":true,"href":"https:\/\/www.radiomais.ao\/index.php\/wp-json\/wp\/v2\/users\/3"}],"replies":[{"embeddable":true,"href":"https:\/\/www.radiomais.ao\/index.php\/wp-json\/wp\/v2\/comments?post=4077"}],"version-history":[{"count":1,"href":"https:\/\/www.radiomais.ao\/index.php\/wp-json\/wp\/v2\/posts\/4077\/revisions"}],"predecessor-version":[{"id":4079,"href":"https:\/\/www.radiomais.ao\/index.php\/wp-json\/wp\/v2\/posts\/4077\/revisions\/4079"}],"wp:featuredmedia":[{"embeddable":true,"href":"https:\/\/www.radiomais.ao\/index.php\/wp-json\/wp\/v2\/media\/4078"}],"wp:attachment":[{"href":"https:\/\/www.radiomais.ao\/index.php\/wp-json\/wp\/v2\/media?parent=4077"}],"wp:term":[{"taxonomy":"category","embeddable":true,"href":"https:\/\/www.radiomais.ao\/index.php\/wp-json\/wp\/v2\/categories?post=4077"},{"taxonomy":"post_tag","embeddable":true,"href":"https:\/\/www.radiomais.ao\/index.php\/wp-json\/wp\/v2\/tags?post=4077"}],"curies":[{"name":"wp","href":"https:\/\/api.w.org\/{rel}","templated":true}]}}