{"id":4080,"date":"2026-01-15T10:34:36","date_gmt":"2026-01-15T09:34:36","guid":{"rendered":"https:\/\/www.radiomais.ao\/?p=4080"},"modified":"2026-01-15T10:34:36","modified_gmt":"2026-01-15T09:34:36","slug":"falta-de-professores-pode-comprometer-processo-de-ensino-no-municipio-da-palanca","status":"publish","type":"post","link":"https:\/\/www.radiomais.ao\/index.php\/2026\/01\/15\/falta-de-professores-pode-comprometer-processo-de-ensino-no-municipio-da-palanca\/","title":{"rendered":"Falta de professores pode comprometer processo de ensino no munic\u00edpio da Palanca."},"content":{"rendered":"\n<p><strong>A falta de professores no munic\u00edpio da Palanca, recentemente criado no \u00e2mbito da nova Divis\u00e3o Pol\u00edtico-Administrativa, pode comprometer seriamente o processo de ensino e aprendizagem, devido ao elevado n\u00famero de alunos por turma, situa\u00e7\u00e3o que impede a execu\u00e7\u00e3o integral das etapas pedag\u00f3gicas de uma aula<\/strong>. Ler mais em <strong><em><a href=\"https:\/\/www.opais.ao\/sociedade\/falta-de-professores-pode-comprometer-processo-de-ensino-no-municipio-da-palanca\/\">Opa\u00eds<\/a><\/em><\/strong><\/p>\n","protected":false},"excerpt":{"rendered":"<p>A falta de professores no munic\u00edpio da Palanca, recentemente criado no \u00e2mbito da nova Divis\u00e3o Pol\u00edtico-Administrativa, pode comprometer seriamente o processo de ensino e aprendizagem, devido ao elevado n\u00famero de alunos por turma, situa\u00e7\u00e3o que impede a execu\u00e7\u00e3o integral das etapas pedag\u00f3gicas de uma aula. Ler mais em Opa\u00eds<\/p>\n","protected":false},"author":3,"featured_media":4081,"comment_status":"open","ping_status":"open","sticky":false,"template":"","format":"standard","meta":{"footnotes":""},"categories":[16],"tags":[1665],"class_list":["post-4080","post","type-post","status-publish","format-standard","has-post-thumbnail","hentry","category-actualidade","tag-falta-de-professores"],"blocksy_meta":[],"_links":{"self":[{"href":"https:\/\/www.radiomais.ao\/index.php\/wp-json\/wp\/v2\/posts\/4080","targetHints":{"allow":["GET"]}}],"collection":[{"href":"https:\/\/www.radiomais.ao\/index.php\/wp-json\/wp\/v2\/posts"}],"about":[{"href":"https:\/\/www.radiomais.ao\/index.php\/wp-json\/wp\/v2\/types\/post"}],"author":[{"embeddable":true,"href":"https:\/\/www.radiomais.ao\/index.php\/wp-json\/wp\/v2\/users\/3"}],"replies":[{"embeddable":true,"href":"https:\/\/www.radiomais.ao\/index.php\/wp-json\/wp\/v2\/comments?post=4080"}],"version-history":[{"count":1,"href":"https:\/\/www.radiomais.ao\/index.php\/wp-json\/wp\/v2\/posts\/4080\/revisions"}],"predecessor-version":[{"id":4082,"href":"https:\/\/www.radiomais.ao\/index.php\/wp-json\/wp\/v2\/posts\/4080\/revisions\/4082"}],"wp:featuredmedia":[{"embeddable":true,"href":"https:\/\/www.radiomais.ao\/index.php\/wp-json\/wp\/v2\/media\/4081"}],"wp:attachment":[{"href":"https:\/\/www.radiomais.ao\/index.php\/wp-json\/wp\/v2\/media?parent=4080"}],"wp:term":[{"taxonomy":"category","embeddable":true,"href":"https:\/\/www.radiomais.ao\/index.php\/wp-json\/wp\/v2\/categories?post=4080"},{"taxonomy":"post_tag","embeddable":true,"href":"https:\/\/www.radiomais.ao\/index.php\/wp-json\/wp\/v2\/tags?post=4080"}],"curies":[{"name":"wp","href":"https:\/\/api.w.org\/{rel}","templated":true}]}}