{"id":4083,"date":"2026-01-15T10:37:07","date_gmt":"2026-01-15T09:37:07","guid":{"rendered":"https:\/\/www.radiomais.ao\/?p=4083"},"modified":"2026-01-15T10:37:07","modified_gmt":"2026-01-15T09:37:07","slug":"conclusao-do-projecto-de-ampliacao-da-rede-de-distribuicao-de-agua-em-mocamedes-prevista-para-o-proximo-mes","status":"publish","type":"post","link":"https:\/\/www.radiomais.ao\/index.php\/2026\/01\/15\/conclusao-do-projecto-de-ampliacao-da-rede-de-distribuicao-de-agua-em-mocamedes-prevista-para-o-proximo-mes\/","title":{"rendered":"Conclus\u00e3o do projecto de amplia\u00e7\u00e3o da rede de distribui\u00e7\u00e3o de \u00e1gua em Mo\u00e7\u00e2medes prevista para o pr\u00f3ximo m\u00eas."},"content":{"rendered":"\n<p>\u200eO Minist\u00e9rio da Energia e \u00c1guas est\u00e1 a levar a cabo, desde Junho de 2024, em Mo\u00e7\u00e2medes, capital do Namibe, um projecto de constru\u00e7\u00e3o e amplia\u00e7\u00e3o da rede de distribui\u00e7\u00e3o de \u00e1gua, bem como de liga\u00e7\u00f5es domicili\u00e1rias, cuja conclus\u00e3o est\u00e1 prevista para o m\u00eas de Fevereiro deste ano, 2026.<br>\u200e<br>\u200eTrata-se da constru\u00e7\u00e3o de cerca de 70 quil\u00f3metros de rede de distribui\u00e7\u00e3o e aproximadamente seis mil liga\u00e7\u00f5es domicili\u00e1rias, que permitir\u00e1 a expans\u00e3o da rede de abastecimento de \u00e1gua pot\u00e1vel nos bairros Val\u00f3dia Bagdad e Saydi Mingas.<br>\u200e<br>\u200eDe acordo com o Minist\u00e9rio da Energia e \u00c1guas, o projecto contempla ainda o aumento da capacidade do sistema de eleva\u00e7\u00e3o e adu\u00e7\u00e3o, atrav\u00e9s da instala\u00e7\u00e3o de uma nova conduta adutora.<br>\u200e<br>\u200eAp\u00f3s conclus\u00e3o da empreitada, dezenas de milhares de cidad\u00e3os dos bairros abrangidos passar\u00e3o a beneficiar de maior disponibilidade de \u00e1gua pot\u00e1vel para consumo humano e para as actividades do quotidiano, contribuindo, assim, para a melhoria das condi\u00e7\u00f5es de vida e para o refor\u00e7o da dignidade das popula\u00e7\u00f5es locais.<\/p>\n","protected":false},"excerpt":{"rendered":"<p>\u200eO Minist\u00e9rio da Energia e \u00c1guas est\u00e1 a levar a cabo, desde Junho de 2024, em Mo\u00e7\u00e2medes, capital do Namibe, um projecto de constru\u00e7\u00e3o e amplia\u00e7\u00e3o da rede de distribui\u00e7\u00e3o de \u00e1gua, bem como de liga\u00e7\u00f5es domicili\u00e1rias, cuja conclus\u00e3o est\u00e1 prevista para o m\u00eas de Fevereiro deste ano, 2026.\u200e\u200eTrata-se da constru\u00e7\u00e3o de cerca de 70 [&hellip;]<\/p>\n","protected":false},"author":3,"featured_media":4084,"comment_status":"open","ping_status":"open","sticky":false,"template":"","format":"standard","meta":{"footnotes":""},"categories":[16],"tags":[1667],"class_list":["post-4083","post","type-post","status-publish","format-standard","has-post-thumbnail","hentry","category-actualidade","tag-rede-de-distribuicao-de-agua"],"blocksy_meta":[],"_links":{"self":[{"href":"https:\/\/www.radiomais.ao\/index.php\/wp-json\/wp\/v2\/posts\/4083","targetHints":{"allow":["GET"]}}],"collection":[{"href":"https:\/\/www.radiomais.ao\/index.php\/wp-json\/wp\/v2\/posts"}],"about":[{"href":"https:\/\/www.radiomais.ao\/index.php\/wp-json\/wp\/v2\/types\/post"}],"author":[{"embeddable":true,"href":"https:\/\/www.radiomais.ao\/index.php\/wp-json\/wp\/v2\/users\/3"}],"replies":[{"embeddable":true,"href":"https:\/\/www.radiomais.ao\/index.php\/wp-json\/wp\/v2\/comments?post=4083"}],"version-history":[{"count":1,"href":"https:\/\/www.radiomais.ao\/index.php\/wp-json\/wp\/v2\/posts\/4083\/revisions"}],"predecessor-version":[{"id":4085,"href":"https:\/\/www.radiomais.ao\/index.php\/wp-json\/wp\/v2\/posts\/4083\/revisions\/4085"}],"wp:featuredmedia":[{"embeddable":true,"href":"https:\/\/www.radiomais.ao\/index.php\/wp-json\/wp\/v2\/media\/4084"}],"wp:attachment":[{"href":"https:\/\/www.radiomais.ao\/index.php\/wp-json\/wp\/v2\/media?parent=4083"}],"wp:term":[{"taxonomy":"category","embeddable":true,"href":"https:\/\/www.radiomais.ao\/index.php\/wp-json\/wp\/v2\/categories?post=4083"},{"taxonomy":"post_tag","embeddable":true,"href":"https:\/\/www.radiomais.ao\/index.php\/wp-json\/wp\/v2\/tags?post=4083"}],"curies":[{"name":"wp","href":"https:\/\/api.w.org\/{rel}","templated":true}]}}