{"id":4089,"date":"2026-01-15T10:49:50","date_gmt":"2026-01-15T09:49:50","guid":{"rendered":"https:\/\/www.radiomais.ao\/?p=4089"},"modified":"2026-01-15T10:49:50","modified_gmt":"2026-01-15T09:49:50","slug":"sic-detem-motoqueiro-implicado-na-morte-de-funcionario-bancario-na-camama","status":"publish","type":"post","link":"https:\/\/www.radiomais.ao\/index.php\/2026\/01\/15\/sic-detem-motoqueiro-implicado-na-morte-de-funcionario-bancario-na-camama\/","title":{"rendered":"SIC det\u00e9m motoqueiro implicado na morte de funcion\u00e1rio banc\u00e1rio na Camama."},"content":{"rendered":"\n<p>O Servi\u00e7o de Investiga\u00e7\u00e3o Criminal (SIC), em Luanda, deteve um cidad\u00e3o de 29 anos de idade, acusado de participa\u00e7\u00e3o em pelo menos quatro homic\u00eddios qualificados, praticados com recurso a meios particularmente perigosos. O suspeito ser\u00e1 apresentado publicamente esta quinta-feira, 15 de Janeiro, \u00e0s 09h00, nas instala\u00e7\u00f5es do Comando Municipal da Camama.<\/p>\n\n\n\n<p>Segundo informa\u00e7\u00f5es avan\u00e7adas pelo SIC, o detido \u00e9 apontado como um dos implicados num crime ocorrido no dia 13 de Dezembro de 2025, por volta das 19 horas, no munic\u00edpio da Camama. Na ocasi\u00e3o, a v\u00edtima, que em vida respondia pelo nome de Manuel Ant\u00f3nio Raimundo, solte ro, de 30 anos de idade, circulava na via p\u00fablica transportado numa motorizada da marca Kawesaki, de cor preta e sem chapa de matr\u00edcula, quando foi interpelado por um grupo de indiv\u00edduos em fuga, trajados \u00e0 civil e munidos de uma arma de fogo do tipo AKM de cano serrado.<\/p>\n\n\n\n<p>De acordo com a investiga\u00e7\u00e3o, os suspeitos deslocavam-se em duas motorizadas e, sob fortes amea\u00e7as de morte, tentaram subtrair o meio de transporte da v\u00edtima. Perante a relut\u00e2ncia desta, um dos implicados efectuou um disparo \u00e0 queima-roupa, que atingiu a regi\u00e3o craniana, provocando a morte imediata no local. Ap\u00f3s o crime, os indiv\u00edduos roubaram a motorizada e colocaram-se em fuga para parte incerta.<\/p>\n","protected":false},"excerpt":{"rendered":"<p>O Servi\u00e7o de Investiga\u00e7\u00e3o Criminal (SIC), em Luanda, deteve um cidad\u00e3o de 29 anos de idade, acusado de participa\u00e7\u00e3o em pelo menos quatro homic\u00eddios qualificados, praticados com recurso a meios particularmente perigosos. O suspeito ser\u00e1 apresentado publicamente esta quinta-feira, 15 de Janeiro, \u00e0s 09h00, nas instala\u00e7\u00f5es do Comando Municipal da Camama. Segundo informa\u00e7\u00f5es avan\u00e7adas pelo [&hellip;]<\/p>\n","protected":false},"author":3,"featured_media":4090,"comment_status":"open","ping_status":"open","sticky":false,"template":"","format":"standard","meta":{"footnotes":""},"categories":[16],"tags":[1671,1670],"class_list":["post-4089","post","type-post","status-publish","format-standard","has-post-thumbnail","hentry","category-actualidade","tag-bancario-na-camama","tag-morte-de-funcionario"],"blocksy_meta":[],"_links":{"self":[{"href":"https:\/\/www.radiomais.ao\/index.php\/wp-json\/wp\/v2\/posts\/4089","targetHints":{"allow":["GET"]}}],"collection":[{"href":"https:\/\/www.radiomais.ao\/index.php\/wp-json\/wp\/v2\/posts"}],"about":[{"href":"https:\/\/www.radiomais.ao\/index.php\/wp-json\/wp\/v2\/types\/post"}],"author":[{"embeddable":true,"href":"https:\/\/www.radiomais.ao\/index.php\/wp-json\/wp\/v2\/users\/3"}],"replies":[{"embeddable":true,"href":"https:\/\/www.radiomais.ao\/index.php\/wp-json\/wp\/v2\/comments?post=4089"}],"version-history":[{"count":1,"href":"https:\/\/www.radiomais.ao\/index.php\/wp-json\/wp\/v2\/posts\/4089\/revisions"}],"predecessor-version":[{"id":4091,"href":"https:\/\/www.radiomais.ao\/index.php\/wp-json\/wp\/v2\/posts\/4089\/revisions\/4091"}],"wp:featuredmedia":[{"embeddable":true,"href":"https:\/\/www.radiomais.ao\/index.php\/wp-json\/wp\/v2\/media\/4090"}],"wp:attachment":[{"href":"https:\/\/www.radiomais.ao\/index.php\/wp-json\/wp\/v2\/media?parent=4089"}],"wp:term":[{"taxonomy":"category","embeddable":true,"href":"https:\/\/www.radiomais.ao\/index.php\/wp-json\/wp\/v2\/categories?post=4089"},{"taxonomy":"post_tag","embeddable":true,"href":"https:\/\/www.radiomais.ao\/index.php\/wp-json\/wp\/v2\/tags?post=4089"}],"curies":[{"name":"wp","href":"https:\/\/api.w.org\/{rel}","templated":true}]}}