{"id":4092,"date":"2026-01-15T10:53:57","date_gmt":"2026-01-15T09:53:57","guid":{"rendered":"https:\/\/www.radiomais.ao\/?p=4092"},"modified":"2026-01-15T10:53:57","modified_gmt":"2026-01-15T09:53:57","slug":"governador-de-benguela-sugere-articulacao-entre-rl-porto-e-cfb-para-eixo-de-desenvolvimento-logistico-na-sadc","status":"publish","type":"post","link":"https:\/\/www.radiomais.ao\/index.php\/2026\/01\/15\/governador-de-benguela-sugere-articulacao-entre-rl-porto-e-cfb-para-eixo-de-desenvolvimento-logistico-na-sadc\/","title":{"rendered":"Governador de Benguela sugere \u201carticula\u00e7\u00e3o\u201d entre RL, Porto e CFB para eixo de \u201cdesenvolvimento log\u00edstico\u201d na SADC."},"content":{"rendered":"\n<p><strong>O governador de Benguela, Manuel Nunes J\u00fanior, sugeriu, nesta Quarta-feira, 13, articula\u00e7\u00e3o entre a Refinaria do Lobito (RL), Porto Comercial local e o Caminho-de-Ferro de Benguela para gerar um \u201cpoderoso\u201d eixo de desenvolvimento industrial, log\u00edstico e comercial, de modo a posicionar-se como um verdadeiro \u201chub\u201d (pivot) energ\u00e9tico regional\u201d. O governante intervinha na sess\u00e3o de apresenta\u00e7\u00e3o do projecto ao Presidente da Rep\u00fablica, Jo\u00e3o Louren\u00e7o, no \u00e2mbito da visita de algumas horas ao projecto<\/strong>.<\/p>\n\n\n\n<p>O governante frisou que o projecto representa uma transforma\u00e7\u00e3o profunda e, por conseguinte, oportunidades para a juventude, por terem sido criados 2.700 postos de trabalho, sendo 1.200 ocupados por jovens locais. Dados avan\u00e7ados pela coordena\u00e7\u00e3o do projecto apontam para a exist\u00eancia de 74 empresas a prestar servi\u00e7os ao projecto, 23 das quais pertencentes \u00e0 prov\u00edncia. Ler mais em <strong><em><a href=\"https:\/\/www.opais.ao\/sociedade\/governador-de-benguela-sugere-articulacao-entre-rl-porto-e-cfb-para-eixo-de-desenvolvimento-logistico-na-sadc\/\">Opa\u00eds.<\/a><\/em><\/strong><\/p>\n","protected":false},"excerpt":{"rendered":"<p>O governador de Benguela, Manuel Nunes J\u00fanior, sugeriu, nesta Quarta-feira, 13, articula\u00e7\u00e3o entre a Refinaria do Lobito (RL), Porto Comercial local e o Caminho-de-Ferro de Benguela para gerar um \u201cpoderoso\u201d eixo de desenvolvimento industrial, log\u00edstico e comercial, de modo a posicionar-se como um verdadeiro \u201chub\u201d (pivot) energ\u00e9tico regional\u201d. O governante intervinha na sess\u00e3o de apresenta\u00e7\u00e3o [&hellip;]<\/p>\n","protected":false},"author":3,"featured_media":4093,"comment_status":"open","ping_status":"open","sticky":false,"template":"","format":"standard","meta":{"footnotes":""},"categories":[16],"tags":[1673,1672],"class_list":["post-4092","post","type-post","status-publish","format-standard","has-post-thumbnail","hentry","category-actualidade","tag-articulacao","tag-governador-de-benguela"],"blocksy_meta":[],"_links":{"self":[{"href":"https:\/\/www.radiomais.ao\/index.php\/wp-json\/wp\/v2\/posts\/4092","targetHints":{"allow":["GET"]}}],"collection":[{"href":"https:\/\/www.radiomais.ao\/index.php\/wp-json\/wp\/v2\/posts"}],"about":[{"href":"https:\/\/www.radiomais.ao\/index.php\/wp-json\/wp\/v2\/types\/post"}],"author":[{"embeddable":true,"href":"https:\/\/www.radiomais.ao\/index.php\/wp-json\/wp\/v2\/users\/3"}],"replies":[{"embeddable":true,"href":"https:\/\/www.radiomais.ao\/index.php\/wp-json\/wp\/v2\/comments?post=4092"}],"version-history":[{"count":1,"href":"https:\/\/www.radiomais.ao\/index.php\/wp-json\/wp\/v2\/posts\/4092\/revisions"}],"predecessor-version":[{"id":4094,"href":"https:\/\/www.radiomais.ao\/index.php\/wp-json\/wp\/v2\/posts\/4092\/revisions\/4094"}],"wp:featuredmedia":[{"embeddable":true,"href":"https:\/\/www.radiomais.ao\/index.php\/wp-json\/wp\/v2\/media\/4093"}],"wp:attachment":[{"href":"https:\/\/www.radiomais.ao\/index.php\/wp-json\/wp\/v2\/media?parent=4092"}],"wp:term":[{"taxonomy":"category","embeddable":true,"href":"https:\/\/www.radiomais.ao\/index.php\/wp-json\/wp\/v2\/categories?post=4092"},{"taxonomy":"post_tag","embeddable":true,"href":"https:\/\/www.radiomais.ao\/index.php\/wp-json\/wp\/v2\/tags?post=4092"}],"curies":[{"name":"wp","href":"https:\/\/api.w.org\/{rel}","templated":true}]}}