{"id":4095,"date":"2026-01-15T10:58:09","date_gmt":"2026-01-15T09:58:09","guid":{"rendered":"https:\/\/www.radiomais.ao\/?p=4095"},"modified":"2026-01-15T10:58:09","modified_gmt":"2026-01-15T09:58:09","slug":"judoca-angolano-viegas-bunga-e-o-numero-1-do-ranking-mundial-juvenil","status":"publish","type":"post","link":"https:\/\/www.radiomais.ao\/index.php\/2026\/01\/15\/judoca-angolano-viegas-bunga-e-o-numero-1-do-ranking-mundial-juvenil\/","title":{"rendered":"Judoca angolano Viegas Bunga \u00e9 o n\u00famero 1 do ranking mundial juvenil."},"content":{"rendered":"\n<p>O judoca angolano Viegas Bunga tornou-se, esta quarta-feira, o primeiro atleta do pa\u00eds a ocupar o 1.\u00ba lugar do ranking mundial na categoria de cadetes, marcando um feito in\u00e9dito para o judo nacional, de acordo com uma nota da federa\u00e7\u00e3o angolana da modalidade a que este jornal teve acesso.<\/p>\n\n\n\n<p>O atleta prepara-se para os Jogos Ol\u00edmpicos da Juventude Dakar 2026, com a participa\u00e7\u00e3o pratica mente assegurada no seu escal\u00e3o. Viegas Bunga conquistou o t\u00edtulo de Campe\u00e3o Africano de Cadetes na categoria -73 kg e foi vice-campe\u00e3o nos Jogos Africanos da Juventude, realizados em Luanda.<\/p>\n\n\n\n<p>N\u00e3o h\u00e1 d\u00favidas de que o \u00eaxito de Viegas Bunga resulta do trabalho da direc\u00e7\u00e3o da Federa\u00e7\u00e3o Angolana de Judo, liderada pelo presidente Hermenegildo San tos, que tem vindo a promover condi\u00e7\u00f5es adequadas de treino e acompanhamento t\u00e9cnico. Ler mais em<strong><em><a href=\"https:\/\/www.opais.ao\/desporto\/judoca-angolano-viegas-bunga-e-o-numero-1-do-ranking-mundial-juvenil\/\"> Opa\u00eds<\/a><\/em><\/strong><\/p>\n","protected":false},"excerpt":{"rendered":"<p>O judoca angolano Viegas Bunga tornou-se, esta quarta-feira, o primeiro atleta do pa\u00eds a ocupar o 1.\u00ba lugar do ranking mundial na categoria de cadetes, marcando um feito in\u00e9dito para o judo nacional, de acordo com uma nota da federa\u00e7\u00e3o angolana da modalidade a que este jornal teve acesso. O atleta prepara-se para os Jogos [&hellip;]<\/p>\n","protected":false},"author":3,"featured_media":0,"comment_status":"open","ping_status":"open","sticky":false,"template":"","format":"standard","meta":{"footnotes":""},"categories":[1],"tags":[],"class_list":["post-4095","post","type-post","status-publish","format-standard","hentry","category-uncategorized"],"blocksy_meta":[],"_links":{"self":[{"href":"https:\/\/www.radiomais.ao\/index.php\/wp-json\/wp\/v2\/posts\/4095","targetHints":{"allow":["GET"]}}],"collection":[{"href":"https:\/\/www.radiomais.ao\/index.php\/wp-json\/wp\/v2\/posts"}],"about":[{"href":"https:\/\/www.radiomais.ao\/index.php\/wp-json\/wp\/v2\/types\/post"}],"author":[{"embeddable":true,"href":"https:\/\/www.radiomais.ao\/index.php\/wp-json\/wp\/v2\/users\/3"}],"replies":[{"embeddable":true,"href":"https:\/\/www.radiomais.ao\/index.php\/wp-json\/wp\/v2\/comments?post=4095"}],"version-history":[{"count":1,"href":"https:\/\/www.radiomais.ao\/index.php\/wp-json\/wp\/v2\/posts\/4095\/revisions"}],"predecessor-version":[{"id":4096,"href":"https:\/\/www.radiomais.ao\/index.php\/wp-json\/wp\/v2\/posts\/4095\/revisions\/4096"}],"wp:attachment":[{"href":"https:\/\/www.radiomais.ao\/index.php\/wp-json\/wp\/v2\/media?parent=4095"}],"wp:term":[{"taxonomy":"category","embeddable":true,"href":"https:\/\/www.radiomais.ao\/index.php\/wp-json\/wp\/v2\/categories?post=4095"},{"taxonomy":"post_tag","embeddable":true,"href":"https:\/\/www.radiomais.ao\/index.php\/wp-json\/wp\/v2\/tags?post=4095"}],"curies":[{"name":"wp","href":"https:\/\/api.w.org\/{rel}","templated":true}]}}