{"id":4097,"date":"2026-01-15T11:05:50","date_gmt":"2026-01-15T10:05:50","guid":{"rendered":"https:\/\/www.radiomais.ao\/?p=4097"},"modified":"2026-01-15T11:05:50","modified_gmt":"2026-01-15T10:05:50","slug":"cantor-espanhol-julio-iglesias-e-acusado-de-abuso-sexual-a-duas-ex-funcionarias","status":"publish","type":"post","link":"https:\/\/www.radiomais.ao\/index.php\/2026\/01\/15\/cantor-espanhol-julio-iglesias-e-acusado-de-abuso-sexual-a-duas-ex-funcionarias\/","title":{"rendered":"Cantor espanhol Julio Iglesias \u00e9 acusado de abuso sexual a duas ex-funcion\u00e1rias."},"content":{"rendered":"\n<p>Aos 82 anos de idade, o cantor espanhol Julio Iglesias est\u00e1 a ser alvo de um processo-crime em que \u00e9 acusado de ass\u00e9dio e abuso sexual sobre duas antigas funcion\u00e1rias suas.<\/p>\n\n\n\n<p>As duas ex-funcion\u00e1rias que o acusam afirmam terem sido v\u00ed timas dos abusos e de viol\u00eancia psicol\u00f3gica enquanto trabalhavam nas resid\u00eancias do artista na Rep\u00fablica Dominicana e nas Bahamas, em 2021.<\/p>\n\n\n\n<p>\u00c0 \u00e9poca dos factos, de acordo com a impren sa espanhola, a mais jovem delas tinha 22 anos. As den\u00fancias foram levadas ao Minist\u00e9rio P\u00fablico da Espanha e foram tornadas p\u00fablicas ap\u00f3s uma apura\u00e7\u00e3o conjunta do por tal espanhol elDiario.es e da Univision Noticias, cujos dados foram divulgados nesta Ter\u00e7a-feira, 13, ap\u00f3s cerca de tr\u00eas anos de investiga\u00e7\u00e3o.<\/p>\n\n\n\n<p>Para agravar o processo-crime que ainda est\u00e1 em instru\u00e7\u00e3o preparat\u00f3ria, v\u00e1rias estrelas da televis\u00e3o espanhola, t\u00eam se manifestado nas redes sociais indignadas com a not\u00edcia, algumas inclusive a sublinharem n\u00e3o ser a primeira nem a segunda vez que o astro da m\u00fasica espanhola \u00e9 alvo de den\u00fancias do g\u00eanero. Ler mais em<strong><em><a href=\"https:\/\/www.opais.ao\/cultura\/cantor-espanhol-julio-iglesias-e-acusado-de-abuso-sexual-a-duas-ex-funcionarias\/\"> Opa\u00eds<\/a><\/em><\/strong><\/p>\n","protected":false},"excerpt":{"rendered":"<p>Aos 82 anos de idade, o cantor espanhol Julio Iglesias est\u00e1 a ser alvo de um processo-crime em que \u00e9 acusado de ass\u00e9dio e abuso sexual sobre duas antigas funcion\u00e1rias suas. As duas ex-funcion\u00e1rias que o acusam afirmam terem sido v\u00ed timas dos abusos e de viol\u00eancia psicol\u00f3gica enquanto trabalhavam nas resid\u00eancias do artista na [&hellip;]<\/p>\n","protected":false},"author":3,"featured_media":4098,"comment_status":"open","ping_status":"open","sticky":false,"template":"","format":"standard","meta":{"footnotes":""},"categories":[16],"tags":[1674,1675],"class_list":["post-4097","post","type-post","status-publish","format-standard","has-post-thumbnail","hentry","category-actualidade","tag-cantor-espanhol","tag-julio-iglesias"],"blocksy_meta":[],"_links":{"self":[{"href":"https:\/\/www.radiomais.ao\/index.php\/wp-json\/wp\/v2\/posts\/4097","targetHints":{"allow":["GET"]}}],"collection":[{"href":"https:\/\/www.radiomais.ao\/index.php\/wp-json\/wp\/v2\/posts"}],"about":[{"href":"https:\/\/www.radiomais.ao\/index.php\/wp-json\/wp\/v2\/types\/post"}],"author":[{"embeddable":true,"href":"https:\/\/www.radiomais.ao\/index.php\/wp-json\/wp\/v2\/users\/3"}],"replies":[{"embeddable":true,"href":"https:\/\/www.radiomais.ao\/index.php\/wp-json\/wp\/v2\/comments?post=4097"}],"version-history":[{"count":1,"href":"https:\/\/www.radiomais.ao\/index.php\/wp-json\/wp\/v2\/posts\/4097\/revisions"}],"predecessor-version":[{"id":4099,"href":"https:\/\/www.radiomais.ao\/index.php\/wp-json\/wp\/v2\/posts\/4097\/revisions\/4099"}],"wp:featuredmedia":[{"embeddable":true,"href":"https:\/\/www.radiomais.ao\/index.php\/wp-json\/wp\/v2\/media\/4098"}],"wp:attachment":[{"href":"https:\/\/www.radiomais.ao\/index.php\/wp-json\/wp\/v2\/media?parent=4097"}],"wp:term":[{"taxonomy":"category","embeddable":true,"href":"https:\/\/www.radiomais.ao\/index.php\/wp-json\/wp\/v2\/categories?post=4097"},{"taxonomy":"post_tag","embeddable":true,"href":"https:\/\/www.radiomais.ao\/index.php\/wp-json\/wp\/v2\/tags?post=4097"}],"curies":[{"name":"wp","href":"https:\/\/api.w.org\/{rel}","templated":true}]}}