{"id":4104,"date":"2026-01-15T14:55:58","date_gmt":"2026-01-15T13:55:58","guid":{"rendered":"https:\/\/www.radiomais.ao\/?p=4104"},"modified":"2026-01-15T14:55:58","modified_gmt":"2026-01-15T13:55:58","slug":"presidente-da-republica-inaugura-fabrica-de-aluminio-no-bengo","status":"publish","type":"post","link":"https:\/\/www.radiomais.ao\/index.php\/2026\/01\/15\/presidente-da-republica-inaugura-fabrica-de-aluminio-no-bengo\/","title":{"rendered":"Presidente da Rep\u00fablica inaugura F\u00e1brica de alum\u00ednio no Bengo."},"content":{"rendered":"\n<p>Foi inaugurada hoje a primeira fase da F\u00e1brica de Alum\u00ednio, localizada no Parque Industrial da Zona Franca da Barra do Dande, prov\u00edncia do Bengo.<\/p>\n\n\n\n<p>A nova infraestrutura possui capacidade de produ\u00e7\u00e3o anual de 120 mil toneladas, gerando receitas estimadas em 300 milh\u00f5es de d\u00f3lares por ano.<\/p>\n\n\n\n<p>Na ocasi\u00e3o, o Presidente da rep\u00fablica destacou a import\u00e2ncia do investimento privado para ampliar o leque de produtos e servi\u00e7os, refor\u00e7ando que projetos como este s\u00e3o essenciais para atrair investimentos e aumentar a exporta\u00e7\u00e3o nacional.<\/p>\n\n\n<div \n    class=\"align wp-block-scb-sound-cloud\"    id=\"scbSoundCloud-1\"\n    data-attributes='{&quot;cId&quot;:&quot;21aca40f-c&quot;,&quot;tracks&quot;:[{&quot;url&quot;:&quot;https:\\\/\\\/soundcloud.com\\\/radio-mais-luanda\\\/f3d7eb4f-f9f1-49dc-a1db-8bddadf4bcca?si=5251ec41abbc4f9e9086acad661ed701&amp;utm_source=clipboard&amp;utm_medium=text&amp;utm_campaign=social_sharing&quot;,&quot;startTrack&quot;:0}],&quot;alignment&quot;:&quot;center&quot;,&quot;align&quot;:&quot;&quot;,&quot;options&quot;:{&quot;isAutoPlay&quot;:true,&quot;color&quot;:&quot;#f50&quot;,&quot;isBuying&quot;:true,&quot;isSharing&quot;:true,&quot;isDownload&quot;:true,&quot;isArtWork&quot;:true,&quot;isPlayCount&quot;:true,&quot;isUser&quot;:true,&quot;isSingleActive&quot;:true,&quot;isComments&quot;:true,&quot;isVisual&quot;:false,&quot;isTeaser&quot;:false,&quot;isHideRelated&quot;:false},&quot;iframeStyle&quot;:{&quot;width&quot;:&quot;100%&quot;,&quot;height&quot;:&quot;170px&quot;},&quot;frameBorder&quot;:{&quot;color&quot;:&quot;#000&quot;,&quot;style&quot;:&quot;solid&quot;,&quot;width&quot;:&quot;1px&quot;},&quot;frameBRadius&quot;:{&quot;top&quot;:&quot;3px&quot;,&quot;bottom&quot;:&quot;3px&quot;,&quot;left&quot;:&quot;3px&quot;,&quot;right&quot;:&quot;3px&quot;},&quot;frameBoxShadow&quot;:[]}'>\n<\/div>\n\n \n      ","protected":false},"excerpt":{"rendered":"<p>Foi inaugurada hoje a primeira fase da F\u00e1brica de Alum\u00ednio, localizada no Parque Industrial da Zona Franca da Barra do Dande, prov\u00edncia do Bengo. A nova infraestrutura possui capacidade de produ\u00e7\u00e3o anual de 120 mil toneladas, gerando receitas estimadas em 300 milh\u00f5es de d\u00f3lares por ano. Na ocasi\u00e3o, o Presidente da rep\u00fablica destacou a import\u00e2ncia [&hellip;]<\/p>\n","protected":false},"author":3,"featured_media":4105,"comment_status":"open","ping_status":"open","sticky":false,"template":"","format":"standard","meta":{"footnotes":""},"categories":[16],"tags":[22,1677,1285,132],"class_list":["post-4104","post","type-post","status-publish","format-standard","has-post-thumbnail","hentry","category-actualidade","tag-destaque","tag-fabrica-de-aluminio","tag-inauguracao","tag-pr"],"blocksy_meta":[],"_links":{"self":[{"href":"https:\/\/www.radiomais.ao\/index.php\/wp-json\/wp\/v2\/posts\/4104","targetHints":{"allow":["GET"]}}],"collection":[{"href":"https:\/\/www.radiomais.ao\/index.php\/wp-json\/wp\/v2\/posts"}],"about":[{"href":"https:\/\/www.radiomais.ao\/index.php\/wp-json\/wp\/v2\/types\/post"}],"author":[{"embeddable":true,"href":"https:\/\/www.radiomais.ao\/index.php\/wp-json\/wp\/v2\/users\/3"}],"replies":[{"embeddable":true,"href":"https:\/\/www.radiomais.ao\/index.php\/wp-json\/wp\/v2\/comments?post=4104"}],"version-history":[{"count":1,"href":"https:\/\/www.radiomais.ao\/index.php\/wp-json\/wp\/v2\/posts\/4104\/revisions"}],"predecessor-version":[{"id":4106,"href":"https:\/\/www.radiomais.ao\/index.php\/wp-json\/wp\/v2\/posts\/4104\/revisions\/4106"}],"wp:featuredmedia":[{"embeddable":true,"href":"https:\/\/www.radiomais.ao\/index.php\/wp-json\/wp\/v2\/media\/4105"}],"wp:attachment":[{"href":"https:\/\/www.radiomais.ao\/index.php\/wp-json\/wp\/v2\/media?parent=4104"}],"wp:term":[{"taxonomy":"category","embeddable":true,"href":"https:\/\/www.radiomais.ao\/index.php\/wp-json\/wp\/v2\/categories?post=4104"},{"taxonomy":"post_tag","embeddable":true,"href":"https:\/\/www.radiomais.ao\/index.php\/wp-json\/wp\/v2\/tags?post=4104"}],"curies":[{"name":"wp","href":"https:\/\/api.w.org\/{rel}","templated":true}]}}