{"id":4108,"date":"2026-01-16T09:39:24","date_gmt":"2026-01-16T08:39:24","guid":{"rendered":"https:\/\/www.radiomais.ao\/?p=4108"},"modified":"2026-01-16T09:39:24","modified_gmt":"2026-01-16T08:39:24","slug":"primeira-fase-da-fabrica-de-aluminio-no-bengo-arranca-com-receitas-anuais","status":"publish","type":"post","link":"https:\/\/www.radiomais.ao\/index.php\/2026\/01\/16\/primeira-fase-da-fabrica-de-aluminio-no-bengo-arranca-com-receitas-anuais\/","title":{"rendered":"Primeira fase da f\u00e1brica de alum\u00ednio no Bengo arranca com receitas anuais ."},"content":{"rendered":"\n<p><strong>A primeira fase da f\u00e1brica de alum\u00ednio Huatong Angola Industry, inaugurada ontem pelo Presidente da Rep\u00fablica, Jo\u00e3o Louren\u00e7o, na Barra do Dande, prov\u00edncia do Bengo, prev\u00ea receitas anuais estimadas em cerca de 300 milh\u00f5es de d\u00f3lares<\/strong>.<\/p>\n\n\n\n<p>A unidade industrial est\u00e1 implantada na Zona Franca da Barra do Dande, integra o Parque Industrial da Sino-Ord e posiciona-se como um dos maiores investimentos privados no sector metal\u00fargico nacional. O acto de inaugura\u00e7\u00e3o foi presidido pelo Chefe de Estado e contou com a presen\u00e7a de membros do Executivo, autoridades locais e diversas entidades ligadas ao sector industrial.<\/p>\n\n\n\n<p>O projecto \u00e9 promovido pelo grupo chin\u00eas Hebei Huatong Cable Group e resulta da coopera\u00e7\u00e3o econ\u00f3mica sino-angolana, enquadrando-se na estrat\u00e9gia de diversifica\u00e7\u00e3o da economia nacional. Na primeira fase, agora inaugurada, a f\u00e1brica disp\u00f5e de capacidade instalada para produzir 120 mil toneladas de alum\u00ednio, assegurando a cria\u00e7\u00e3o de cerca de 1200 postos de trabalho directos. Ler mais em <strong><em><a href=\"https:\/\/www.opais.ao\/economia\/primeira-fase-da-fabrica-de-aluminio-no-bengo-arranca-com-receitas-anuais-estimadas-em-300-milhoes-de-dolares\/\">Opa\u00eds<\/a><\/em><\/strong><\/p>\n","protected":false},"excerpt":{"rendered":"<p>A primeira fase da f\u00e1brica de alum\u00ednio Huatong Angola Industry, inaugurada ontem pelo Presidente da Rep\u00fablica, Jo\u00e3o Louren\u00e7o, na Barra do Dande, prov\u00edncia do Bengo, prev\u00ea receitas anuais estimadas em cerca de 300 milh\u00f5es de d\u00f3lares. A unidade industrial est\u00e1 implantada na Zona Franca da Barra do Dande, integra o Parque Industrial da Sino-Ord e [&hellip;]<\/p>\n","protected":false},"author":3,"featured_media":4109,"comment_status":"open","ping_status":"open","sticky":false,"template":"","format":"standard","meta":{"footnotes":""},"categories":[16],"tags":[1679,1678],"class_list":["post-4108","post","type-post","status-publish","format-standard","has-post-thumbnail","hentry","category-actualidade","tag-arranca-com-receitas-anuais","tag-primeira-fase-da-fabrica-de-aluminio-no-bengo-arranca-com-receitas-anuais-estimadas-em-300-milhoes-de-dolares"],"blocksy_meta":[],"_links":{"self":[{"href":"https:\/\/www.radiomais.ao\/index.php\/wp-json\/wp\/v2\/posts\/4108","targetHints":{"allow":["GET"]}}],"collection":[{"href":"https:\/\/www.radiomais.ao\/index.php\/wp-json\/wp\/v2\/posts"}],"about":[{"href":"https:\/\/www.radiomais.ao\/index.php\/wp-json\/wp\/v2\/types\/post"}],"author":[{"embeddable":true,"href":"https:\/\/www.radiomais.ao\/index.php\/wp-json\/wp\/v2\/users\/3"}],"replies":[{"embeddable":true,"href":"https:\/\/www.radiomais.ao\/index.php\/wp-json\/wp\/v2\/comments?post=4108"}],"version-history":[{"count":1,"href":"https:\/\/www.radiomais.ao\/index.php\/wp-json\/wp\/v2\/posts\/4108\/revisions"}],"predecessor-version":[{"id":4110,"href":"https:\/\/www.radiomais.ao\/index.php\/wp-json\/wp\/v2\/posts\/4108\/revisions\/4110"}],"wp:featuredmedia":[{"embeddable":true,"href":"https:\/\/www.radiomais.ao\/index.php\/wp-json\/wp\/v2\/media\/4109"}],"wp:attachment":[{"href":"https:\/\/www.radiomais.ao\/index.php\/wp-json\/wp\/v2\/media?parent=4108"}],"wp:term":[{"taxonomy":"category","embeddable":true,"href":"https:\/\/www.radiomais.ao\/index.php\/wp-json\/wp\/v2\/categories?post=4108"},{"taxonomy":"post_tag","embeddable":true,"href":"https:\/\/www.radiomais.ao\/index.php\/wp-json\/wp\/v2\/tags?post=4108"}],"curies":[{"name":"wp","href":"https:\/\/api.w.org\/{rel}","templated":true}]}}