{"id":4111,"date":"2026-01-16T09:45:26","date_gmt":"2026-01-16T08:45:26","guid":{"rendered":"https:\/\/www.radiomais.ao\/?p=4111"},"modified":"2026-01-16T09:45:26","modified_gmt":"2026-01-16T08:45:26","slug":"8-o-congresso-cadeirao-maximo-da-oma-sera-disputado-apenas-por-duas-candidatas","status":"publish","type":"post","link":"https:\/\/www.radiomais.ao\/index.php\/2026\/01\/16\/8-o-congresso-cadeirao-maximo-da-oma-sera-disputado-apenas-por-duas-candidatas\/","title":{"rendered":"8.\u00ba Congresso: Cadeir\u00e3o m\u00e1ximo da OMA ser\u00e1 disputado apenas por duas candidatas."},"content":{"rendered":"\n<p><strong>Encerrou ontem, Quinta-feira, 15, o processo de recep\u00e7\u00e3o de candidaturas ao cargo de Secret\u00e1ria-Geral da Organiza\u00e7\u00e3o da Mulher Angolana (OMA), para 8.\u00ba Congresso Ordin\u00e1rio da estrutura feminina do MPLA, agendado para os dias 28 de Fevereiro e 1 de Mar\u00e7o deste ano, em Luanda. At\u00e9 ao final do prazo, quatro militantes apresentaram as suas candidaturas: Em\u00edlia Carlota Dias, Lourdes Caposso, Graciete Sungua e Adelina Sambo. Ap\u00f3s an\u00e1lise da Sub-comiss\u00e3o de Candidaturas, coordenada por Eduarda Maria Magalh\u00e3es, foram validadas tr\u00eas candidaturas, nomeadamente de Carlota Dias, Lourdes Caposso e de Graciete Sungua \u2013 ficando exclu\u00edda a candidatura de Adelina Sambo por n\u00e3o cumprir o requisito m\u00ednimo de dez anos de milit\u00e2ncia na OMA<\/strong>. Ler mais em <strong><em><a href=\"https:\/\/www.opais.ao\/politica\/8-o-congresso-cadeirao-maximo-da-oma-sera-disputado-apenas-por-duas-candidatas\/\">Opa\u00eds<\/a><\/em><\/strong><\/p>\n","protected":false},"excerpt":{"rendered":"<p>Encerrou ontem, Quinta-feira, 15, o processo de recep\u00e7\u00e3o de candidaturas ao cargo de Secret\u00e1ria-Geral da Organiza\u00e7\u00e3o da Mulher Angolana (OMA), para 8.\u00ba Congresso Ordin\u00e1rio da estrutura feminina do MPLA, agendado para os dias 28 de Fevereiro e 1 de Mar\u00e7o deste ano, em Luanda. At\u00e9 ao final do prazo, quatro militantes apresentaram as suas candidaturas: [&hellip;]<\/p>\n","protected":false},"author":3,"featured_media":4112,"comment_status":"open","ping_status":"open","sticky":false,"template":"","format":"standard","meta":{"footnotes":""},"categories":[16],"tags":[1680,157],"class_list":["post-4111","post","type-post","status-publish","format-standard","has-post-thumbnail","hentry","category-actualidade","tag-8o-congresso","tag-mpla"],"blocksy_meta":[],"_links":{"self":[{"href":"https:\/\/www.radiomais.ao\/index.php\/wp-json\/wp\/v2\/posts\/4111","targetHints":{"allow":["GET"]}}],"collection":[{"href":"https:\/\/www.radiomais.ao\/index.php\/wp-json\/wp\/v2\/posts"}],"about":[{"href":"https:\/\/www.radiomais.ao\/index.php\/wp-json\/wp\/v2\/types\/post"}],"author":[{"embeddable":true,"href":"https:\/\/www.radiomais.ao\/index.php\/wp-json\/wp\/v2\/users\/3"}],"replies":[{"embeddable":true,"href":"https:\/\/www.radiomais.ao\/index.php\/wp-json\/wp\/v2\/comments?post=4111"}],"version-history":[{"count":1,"href":"https:\/\/www.radiomais.ao\/index.php\/wp-json\/wp\/v2\/posts\/4111\/revisions"}],"predecessor-version":[{"id":4113,"href":"https:\/\/www.radiomais.ao\/index.php\/wp-json\/wp\/v2\/posts\/4111\/revisions\/4113"}],"wp:featuredmedia":[{"embeddable":true,"href":"https:\/\/www.radiomais.ao\/index.php\/wp-json\/wp\/v2\/media\/4112"}],"wp:attachment":[{"href":"https:\/\/www.radiomais.ao\/index.php\/wp-json\/wp\/v2\/media?parent=4111"}],"wp:term":[{"taxonomy":"category","embeddable":true,"href":"https:\/\/www.radiomais.ao\/index.php\/wp-json\/wp\/v2\/categories?post=4111"},{"taxonomy":"post_tag","embeddable":true,"href":"https:\/\/www.radiomais.ao\/index.php\/wp-json\/wp\/v2\/tags?post=4111"}],"curies":[{"name":"wp","href":"https:\/\/api.w.org\/{rel}","templated":true}]}}