{"id":4114,"date":"2026-01-16T09:54:42","date_gmt":"2026-01-16T08:54:42","guid":{"rendered":"https:\/\/www.radiomais.ao\/?p=4114"},"modified":"2026-01-16T09:54:42","modified_gmt":"2026-01-16T08:54:42","slug":"mensagem-do-presidente-da-uniao-africana-entregue-ao-homologo-da-rdc","status":"publish","type":"post","link":"https:\/\/www.radiomais.ao\/index.php\/2026\/01\/16\/mensagem-do-presidente-da-uniao-africana-entregue-ao-homologo-da-rdc\/","title":{"rendered":"Mensagem do Presidente da Uni\u00e3o Africana entregue ao hom\u00f3logo da RDC."},"content":{"rendered":"\n<p>O ministro das Rela\u00e7\u00f5es Exteriores, T\u00e9te Ant\u00f3nio, procedeu, hoje, \u00e0 entrega de uma mensagem verbal do Presidente da Rep\u00fablica e da Uni\u00e3o Africana, Jo\u00e3o Louren\u00e7o, ao hom\u00f3logo da Rep\u00fablica Democr\u00e1tica do Congo, F\u00e9lix Tshisekedi, visando a paz e a estabilidade no Leste daquele pa\u00eds.<\/p>\n\n\n\n<p>A desloca\u00e7\u00e3o insere-se no conjunto de ac\u00e7\u00f5es pol\u00edtico-diplom\u00e1ticas que Angola tem vindo a desenvolver, tanto a n\u00edvel bilateral como no quadro das suas responsabilidades continentais, com vista \u00e0 promo\u00e7\u00e3o do di\u00e1logo e da estabilidade no Leste congol\u00eas.<\/p>\n\n\n\n<p>Recorde-se que, no dia anterior, o Presidente Jo\u00e3o Louren\u00e7o recebeu em Luanda representantes da Confer\u00eancia Episcopal Nacional do Congo (CENCO) e da Igreja de Cristo no Congo (ECC), com quem analisou a situa\u00e7\u00e3o pol\u00edtica e de seguran\u00e7a na Rep\u00fablica Democr\u00e1tica do Congo. Ler mais em <strong><em><a href=\"https:\/\/www.opais.ao\/politica\/mensagem-do-presidente-da-uniao-africana-entregue-ao-homologo-da-rdc\/\">Opa\u00eds<\/a><\/em><\/strong><\/p>\n","protected":false},"excerpt":{"rendered":"<p>O ministro das Rela\u00e7\u00f5es Exteriores, T\u00e9te Ant\u00f3nio, procedeu, hoje, \u00e0 entrega de uma mensagem verbal do Presidente da Rep\u00fablica e da Uni\u00e3o Africana, Jo\u00e3o Louren\u00e7o, ao hom\u00f3logo da Rep\u00fablica Democr\u00e1tica do Congo, F\u00e9lix Tshisekedi, visando a paz e a estabilidade no Leste daquele pa\u00eds. A desloca\u00e7\u00e3o insere-se no conjunto de ac\u00e7\u00f5es pol\u00edtico-diplom\u00e1ticas que Angola tem [&hellip;]<\/p>\n","protected":false},"author":3,"featured_media":4115,"comment_status":"open","ping_status":"open","sticky":false,"template":"","format":"standard","meta":{"footnotes":""},"categories":[16],"tags":[1681],"class_list":["post-4114","post","type-post","status-publish","format-standard","has-post-thumbnail","hentry","category-actualidade","tag-presidente-da-uniao-africana-entregue-ao-homologo-da-rdc"],"blocksy_meta":[],"_links":{"self":[{"href":"https:\/\/www.radiomais.ao\/index.php\/wp-json\/wp\/v2\/posts\/4114","targetHints":{"allow":["GET"]}}],"collection":[{"href":"https:\/\/www.radiomais.ao\/index.php\/wp-json\/wp\/v2\/posts"}],"about":[{"href":"https:\/\/www.radiomais.ao\/index.php\/wp-json\/wp\/v2\/types\/post"}],"author":[{"embeddable":true,"href":"https:\/\/www.radiomais.ao\/index.php\/wp-json\/wp\/v2\/users\/3"}],"replies":[{"embeddable":true,"href":"https:\/\/www.radiomais.ao\/index.php\/wp-json\/wp\/v2\/comments?post=4114"}],"version-history":[{"count":1,"href":"https:\/\/www.radiomais.ao\/index.php\/wp-json\/wp\/v2\/posts\/4114\/revisions"}],"predecessor-version":[{"id":4116,"href":"https:\/\/www.radiomais.ao\/index.php\/wp-json\/wp\/v2\/posts\/4114\/revisions\/4116"}],"wp:featuredmedia":[{"embeddable":true,"href":"https:\/\/www.radiomais.ao\/index.php\/wp-json\/wp\/v2\/media\/4115"}],"wp:attachment":[{"href":"https:\/\/www.radiomais.ao\/index.php\/wp-json\/wp\/v2\/media?parent=4114"}],"wp:term":[{"taxonomy":"category","embeddable":true,"href":"https:\/\/www.radiomais.ao\/index.php\/wp-json\/wp\/v2\/categories?post=4114"},{"taxonomy":"post_tag","embeddable":true,"href":"https:\/\/www.radiomais.ao\/index.php\/wp-json\/wp\/v2\/tags?post=4114"}],"curies":[{"name":"wp","href":"https:\/\/api.w.org\/{rel}","templated":true}]}}