{"id":4117,"date":"2026-01-16T09:58:46","date_gmt":"2026-01-16T08:58:46","guid":{"rendered":"https:\/\/www.radiomais.ao\/?p=4117"},"modified":"2026-01-16T09:58:46","modified_gmt":"2026-01-16T08:58:46","slug":"minsa-abre-centros-de-operacoes-de-emergencias-em-saude-publica","status":"publish","type":"post","link":"https:\/\/www.radiomais.ao\/index.php\/2026\/01\/16\/minsa-abre-centros-de-operacoes-de-emergencias-em-saude-publica\/","title":{"rendered":"MINSA abre Centros de Opera\u00e7\u00f5es de Emerg\u00eancias em Sa\u00fade P\u00fablica."},"content":{"rendered":"\n<p><strong>O Minist\u00e9rio da Sa\u00fade procedeu \u00e0 abertura, ontem, do Centro de Opera\u00e7\u00f5es de Emerg\u00eancias em Sa\u00fade P\u00fablica (COESP) e seis centros regionais nas prov\u00edncias de Cabinda, Luanda, Lunda-Sul, Huambo, Hu\u00edla e U\u00edge. A unidade central vai assumir um papel de lideran\u00e7a estrat\u00e9gica, orienta\u00e7\u00e3o t\u00e9cnica e coordena\u00e7\u00e3o nacional, e as provinciais aproximam a resposta das realidades locais, trabalhando em rede e em tempo real<\/strong>.<\/p>\n\n\n\n<p>A ministra da Sa\u00fade, S\u00edlvia Lutucuta, na sua interven\u00e7\u00e3o no acto da abertura, afirmou que, para esta primeira fase, foram reabilitados e apetrechados os Centros Operacionais de Emerg\u00eancia de Sa\u00fade P\u00fablica Nacional e os COESP das seis prov\u00edncias, com financiamento do Banco Mundial. Para a segunda fase, e at\u00e9 2027, os Centros Operacionais de Emerg\u00eancia em Sa\u00fade P\u00fablica ser\u00e3o expandidos para todas as prov\u00edncias do pa\u00eds.<\/p>\n\n\n\n<p>Nesta conformidade, est\u00e1 delineado um plano de especializa\u00e7\u00e3o de t\u00e9cnicos para a gest\u00e3o dos Centros de Opera\u00e7\u00f5es e Emerg\u00eancias de Sa\u00fade P\u00fablica, em que se enquadram tamb\u00e9m especialistas para a cria\u00e7\u00e3o de equipas de emerg\u00eancia m\u00e9dica, entre os quais m\u00e9dicos especialistas em sa\u00fade p\u00fablica, epidemiologistas, bioestat\u00edsticos, engenheiros de \u00e1gua e saneamento, ambiente e outras especialidades. Ler mais em<strong><em><a href=\"https:\/\/www.opais.ao\/sociedade\/minsa-abre-centros-de-operacoes-de-emergencias-em-saude-publica\/\"> Opa\u00eds<\/a><\/em><\/strong><\/p>\n","protected":false},"excerpt":{"rendered":"<p>O Minist\u00e9rio da Sa\u00fade procedeu \u00e0 abertura, ontem, do Centro de Opera\u00e7\u00f5es de Emerg\u00eancias em Sa\u00fade P\u00fablica (COESP) e seis centros regionais nas prov\u00edncias de Cabinda, Luanda, Lunda-Sul, Huambo, Hu\u00edla e U\u00edge. A unidade central vai assumir um papel de lideran\u00e7a estrat\u00e9gica, orienta\u00e7\u00e3o t\u00e9cnica e coordena\u00e7\u00e3o nacional, e as provinciais aproximam a resposta das realidades [&hellip;]<\/p>\n","protected":false},"author":3,"featured_media":4118,"comment_status":"open","ping_status":"open","sticky":false,"template":"","format":"standard","meta":{"footnotes":""},"categories":[16],"tags":[1682],"class_list":["post-4117","post","type-post","status-publish","format-standard","has-post-thumbnail","hentry","category-actualidade","tag-minsa-abre-centros-de-operacoes"],"blocksy_meta":[],"_links":{"self":[{"href":"https:\/\/www.radiomais.ao\/index.php\/wp-json\/wp\/v2\/posts\/4117","targetHints":{"allow":["GET"]}}],"collection":[{"href":"https:\/\/www.radiomais.ao\/index.php\/wp-json\/wp\/v2\/posts"}],"about":[{"href":"https:\/\/www.radiomais.ao\/index.php\/wp-json\/wp\/v2\/types\/post"}],"author":[{"embeddable":true,"href":"https:\/\/www.radiomais.ao\/index.php\/wp-json\/wp\/v2\/users\/3"}],"replies":[{"embeddable":true,"href":"https:\/\/www.radiomais.ao\/index.php\/wp-json\/wp\/v2\/comments?post=4117"}],"version-history":[{"count":1,"href":"https:\/\/www.radiomais.ao\/index.php\/wp-json\/wp\/v2\/posts\/4117\/revisions"}],"predecessor-version":[{"id":4119,"href":"https:\/\/www.radiomais.ao\/index.php\/wp-json\/wp\/v2\/posts\/4117\/revisions\/4119"}],"wp:featuredmedia":[{"embeddable":true,"href":"https:\/\/www.radiomais.ao\/index.php\/wp-json\/wp\/v2\/media\/4118"}],"wp:attachment":[{"href":"https:\/\/www.radiomais.ao\/index.php\/wp-json\/wp\/v2\/media?parent=4117"}],"wp:term":[{"taxonomy":"category","embeddable":true,"href":"https:\/\/www.radiomais.ao\/index.php\/wp-json\/wp\/v2\/categories?post=4117"},{"taxonomy":"post_tag","embeddable":true,"href":"https:\/\/www.radiomais.ao\/index.php\/wp-json\/wp\/v2\/tags?post=4117"}],"curies":[{"name":"wp","href":"https:\/\/api.w.org\/{rel}","templated":true}]}}