{"id":4120,"date":"2026-01-16T10:02:36","date_gmt":"2026-01-16T09:02:36","guid":{"rendered":"https:\/\/www.radiomais.ao\/?p=4120"},"modified":"2026-01-16T10:02:36","modified_gmt":"2026-01-16T09:02:36","slug":"estudo-considera-urgente-descentralizacao-de-voos-internacionais-para-benguela-e-lubango","status":"publish","type":"post","link":"https:\/\/www.radiomais.ao\/index.php\/2026\/01\/16\/estudo-considera-urgente-descentralizacao-de-voos-internacionais-para-benguela-e-lubango\/","title":{"rendered":"Estudo considera urgente descentraliza\u00e7\u00e3o de v\u00f4os internacionais para Benguela e Lubango."},"content":{"rendered":"\n<p><strong>Um estudo feito em Agosto de 2025 e apresentado no dia 14 de Janeiro de 2026 pela plataforma Hot\u00e9is de Angola, em parceria com um instituto superior de Benguela, sugeriu a necessidade urgente de se descentralizar os v\u00f4os internacionais para os aeroportos da Mukhanka, no Lubango (Hu\u00edla), e Paulo Teixeira Jorge, na Catumbela (Benguela), de modo a promover o desenvolvimento nacional. A companhia de bandeira \u2018\u2018TAAG\u2019\u2019 lidera a prefer\u00eancia dos cerca de 200 inquiridos, que, de resto, reclamaram, igualmente, de custos com a desloca\u00e7\u00e3o a Luanda<\/strong>. Ler mais em <strong><em><a href=\"https:\/\/www.opais.ao\/sociedade\/estudo-considera-urgente-descentralizacao-de-voos-internacionais-para-benguela-e-lubango\/\">Opa\u00eds<\/a><\/em><\/strong><\/p>\n","protected":false},"excerpt":{"rendered":"<p>Um estudo feito em Agosto de 2025 e apresentado no dia 14 de Janeiro de 2026 pela plataforma Hot\u00e9is de Angola, em parceria com um instituto superior de Benguela, sugeriu a necessidade urgente de se descentralizar os v\u00f4os internacionais para os aeroportos da Mukhanka, no Lubango (Hu\u00edla), e Paulo Teixeira Jorge, na Catumbela (Benguela), de [&hellip;]<\/p>\n","protected":false},"author":3,"featured_media":4121,"comment_status":"open","ping_status":"open","sticky":false,"template":"","format":"standard","meta":{"footnotes":""},"categories":[16],"tags":[1684,1683],"class_list":["post-4120","post","type-post","status-publish","format-standard","has-post-thumbnail","hentry","category-actualidade","tag-descentralizacao","tag-voos-internacionais"],"blocksy_meta":[],"_links":{"self":[{"href":"https:\/\/www.radiomais.ao\/index.php\/wp-json\/wp\/v2\/posts\/4120","targetHints":{"allow":["GET"]}}],"collection":[{"href":"https:\/\/www.radiomais.ao\/index.php\/wp-json\/wp\/v2\/posts"}],"about":[{"href":"https:\/\/www.radiomais.ao\/index.php\/wp-json\/wp\/v2\/types\/post"}],"author":[{"embeddable":true,"href":"https:\/\/www.radiomais.ao\/index.php\/wp-json\/wp\/v2\/users\/3"}],"replies":[{"embeddable":true,"href":"https:\/\/www.radiomais.ao\/index.php\/wp-json\/wp\/v2\/comments?post=4120"}],"version-history":[{"count":1,"href":"https:\/\/www.radiomais.ao\/index.php\/wp-json\/wp\/v2\/posts\/4120\/revisions"}],"predecessor-version":[{"id":4122,"href":"https:\/\/www.radiomais.ao\/index.php\/wp-json\/wp\/v2\/posts\/4120\/revisions\/4122"}],"wp:featuredmedia":[{"embeddable":true,"href":"https:\/\/www.radiomais.ao\/index.php\/wp-json\/wp\/v2\/media\/4121"}],"wp:attachment":[{"href":"https:\/\/www.radiomais.ao\/index.php\/wp-json\/wp\/v2\/media?parent=4120"}],"wp:term":[{"taxonomy":"category","embeddable":true,"href":"https:\/\/www.radiomais.ao\/index.php\/wp-json\/wp\/v2\/categories?post=4120"},{"taxonomy":"post_tag","embeddable":true,"href":"https:\/\/www.radiomais.ao\/index.php\/wp-json\/wp\/v2\/tags?post=4120"}],"curies":[{"name":"wp","href":"https:\/\/api.w.org\/{rel}","templated":true}]}}