{"id":4123,"date":"2026-01-16T10:06:30","date_gmt":"2026-01-16T09:06:30","guid":{"rendered":"https:\/\/www.radiomais.ao\/?p=4123"},"modified":"2026-01-16T10:06:30","modified_gmt":"2026-01-16T09:06:30","slug":"torre-de-agua-lisima-reconhecida-como-zona-humida-de-importancia-internacional","status":"publish","type":"post","link":"https:\/\/www.radiomais.ao\/index.php\/2026\/01\/16\/torre-de-agua-lisima-reconhecida-como-zona-humida-de-importancia-internacional\/","title":{"rendered":"Torre de \u00c1gua Lisima reconhecida como zona h\u00famida de import\u00e2ncia internacional."},"content":{"rendered":"\n<p><strong>A Torre de \u00c1gua Lisima Lya Mwono, zona h\u00famida no Moxico, alimentadora do Delta do Okavango e plan\u00edcies do Zambeze, foi designada neste m\u00eas de Janeiro como o primeiro S\u00edtio Ramsar do pa\u00eds, reconhecendo a zona h\u00famida como \u00e1rea de import\u00e2ncia internacional<\/strong>.<\/p>\n\n\n\n<p>O territ\u00f3rio de 53.000 quil\u00f3metros quadrados, registado como s\u00edtio n\u00famero 2.584 na Lista Ramsar, constitui bacia hidrogr\u00e1fica fundamental que ali menta sistemas fluviais de import\u00e2ncia regional, incluindo o Delta do Okavango e as plan\u00edcies de cheia do Zambeze.<\/p>\n\n\n\n<p>A \u00e1rea, localizada nos planaltos centrais e sudeste de Angola dentro da regi\u00e3o biogeogr\u00e1fica do Zambeze, abrange os munic\u00edpios do Alto Cuito, Cangamba, Cangumbe, Lutembo, Lutuai e parte do Luena, com altitudes entre 1.142 e 1.681 metros acima do n\u00edvel do mar. Ler mais em <strong><em><a href=\"https:\/\/www.opais.ao\/sociedade\/torre-de-agua-lisima-reconhecida-como-zona-humida-de-importancia-internacional\/\">Opa\u00eds<\/a><\/em><\/strong><\/p>\n","protected":false},"excerpt":{"rendered":"<p>A Torre de \u00c1gua Lisima Lya Mwono, zona h\u00famida no Moxico, alimentadora do Delta do Okavango e plan\u00edcies do Zambeze, foi designada neste m\u00eas de Janeiro como o primeiro S\u00edtio Ramsar do pa\u00eds, reconhecendo a zona h\u00famida como \u00e1rea de import\u00e2ncia internacional. O territ\u00f3rio de 53.000 quil\u00f3metros quadrados, registado como s\u00edtio n\u00famero 2.584 na Lista [&hellip;]<\/p>\n","protected":false},"author":3,"featured_media":4124,"comment_status":"open","ping_status":"open","sticky":false,"template":"","format":"standard","meta":{"footnotes":""},"categories":[16],"tags":[1685,1686],"class_list":["post-4123","post","type-post","status-publish","format-standard","has-post-thumbnail","hentry","category-actualidade","tag-torre-de-agua-lisima","tag-zona-humida-de-importancia-internacional"],"blocksy_meta":[],"_links":{"self":[{"href":"https:\/\/www.radiomais.ao\/index.php\/wp-json\/wp\/v2\/posts\/4123","targetHints":{"allow":["GET"]}}],"collection":[{"href":"https:\/\/www.radiomais.ao\/index.php\/wp-json\/wp\/v2\/posts"}],"about":[{"href":"https:\/\/www.radiomais.ao\/index.php\/wp-json\/wp\/v2\/types\/post"}],"author":[{"embeddable":true,"href":"https:\/\/www.radiomais.ao\/index.php\/wp-json\/wp\/v2\/users\/3"}],"replies":[{"embeddable":true,"href":"https:\/\/www.radiomais.ao\/index.php\/wp-json\/wp\/v2\/comments?post=4123"}],"version-history":[{"count":1,"href":"https:\/\/www.radiomais.ao\/index.php\/wp-json\/wp\/v2\/posts\/4123\/revisions"}],"predecessor-version":[{"id":4125,"href":"https:\/\/www.radiomais.ao\/index.php\/wp-json\/wp\/v2\/posts\/4123\/revisions\/4125"}],"wp:featuredmedia":[{"embeddable":true,"href":"https:\/\/www.radiomais.ao\/index.php\/wp-json\/wp\/v2\/media\/4124"}],"wp:attachment":[{"href":"https:\/\/www.radiomais.ao\/index.php\/wp-json\/wp\/v2\/media?parent=4123"}],"wp:term":[{"taxonomy":"category","embeddable":true,"href":"https:\/\/www.radiomais.ao\/index.php\/wp-json\/wp\/v2\/categories?post=4123"},{"taxonomy":"post_tag","embeddable":true,"href":"https:\/\/www.radiomais.ao\/index.php\/wp-json\/wp\/v2\/tags?post=4123"}],"curies":[{"name":"wp","href":"https:\/\/api.w.org\/{rel}","templated":true}]}}