{"id":4126,"date":"2026-01-16T10:56:12","date_gmt":"2026-01-16T09:56:12","guid":{"rendered":"https:\/\/www.radiomais.ao\/?p=4126"},"modified":"2026-01-16T10:56:12","modified_gmt":"2026-01-16T09:56:12","slug":"o-dia-mundial-da-liberdade-religiosa","status":"publish","type":"post","link":"https:\/\/www.radiomais.ao\/index.php\/2026\/01\/16\/o-dia-mundial-da-liberdade-religiosa\/","title":{"rendered":"O Dia Mundial da Liberdade Religiosa."},"content":{"rendered":"\n<p>Neste 16 de Janeiro, data em que o mundo assinala o Dia Mundial da Liberdade Religiosa, celebra-se um direito fundamental: a liberdade de cada cidad\u00e3o professar, praticar, mudar ou n\u00e3o seguir qualquer cren\u00e7a religiosa, sem medo, discrimina\u00e7\u00e3o ou imposi\u00e7\u00e3o.<\/p>\n\n\n\n<p>Em Angola, este princ\u00edpio est\u00e1 consagrado na Constitui\u00e7\u00e3o da Rep\u00fablica, que define o pa\u00eds como um Estado laico e garante a separa\u00e7\u00e3o entre o Estado e as confiss\u00f5es religiosas.<\/p>\n\n\n\n<p>Vamos acompanhar um trabalho da Ermelinda Castro que traz uma reflex\u00e3o profunda sobre a data.<\/p>\n\n\n<div \n    class=\"align wp-block-scb-sound-cloud\"    id=\"scbSoundCloud-1\"\n    data-attributes='{&quot;cId&quot;:&quot;d409af99-9&quot;,&quot;tracks&quot;:[{&quot;url&quot;:&quot;https:\\\/\\\/soundcloud.com\\\/radio-mais-luanda\\\/efemeride-o-dia-mundial-da-liberdade-religiosa?si=dff2e55541734af5b76134ba38b61a75&amp;utm_source=clipboard&amp;utm_medium=text&amp;utm_campaign=social_sharing&quot;,&quot;startTrack&quot;:0}],&quot;alignment&quot;:&quot;center&quot;,&quot;align&quot;:&quot;&quot;,&quot;options&quot;:{&quot;isAutoPlay&quot;:true,&quot;color&quot;:&quot;#f50&quot;,&quot;isBuying&quot;:true,&quot;isSharing&quot;:true,&quot;isDownload&quot;:true,&quot;isArtWork&quot;:true,&quot;isPlayCount&quot;:true,&quot;isUser&quot;:true,&quot;isSingleActive&quot;:true,&quot;isComments&quot;:true,&quot;isVisual&quot;:false,&quot;isTeaser&quot;:false,&quot;isHideRelated&quot;:false},&quot;iframeStyle&quot;:{&quot;width&quot;:&quot;100%&quot;,&quot;height&quot;:&quot;170px&quot;},&quot;frameBorder&quot;:{&quot;color&quot;:&quot;#000&quot;,&quot;style&quot;:&quot;solid&quot;,&quot;width&quot;:&quot;1px&quot;},&quot;frameBRadius&quot;:{&quot;top&quot;:&quot;3px&quot;,&quot;bottom&quot;:&quot;3px&quot;,&quot;left&quot;:&quot;3px&quot;,&quot;right&quot;:&quot;3px&quot;},&quot;frameBoxShadow&quot;:[]}'>\n<\/div>\n\n \n      ","protected":false},"excerpt":{"rendered":"<p>Neste 16 de Janeiro, data em que o mundo assinala o Dia Mundial da Liberdade Religiosa, celebra-se um direito fundamental: a liberdade de cada cidad\u00e3o professar, praticar, mudar ou n\u00e3o seguir qualquer cren\u00e7a religiosa, sem medo, discrimina\u00e7\u00e3o ou imposi\u00e7\u00e3o. Em Angola, este princ\u00edpio est\u00e1 consagrado na Constitui\u00e7\u00e3o da Rep\u00fablica, que define o pa\u00eds como um [&hellip;]<\/p>\n","protected":false},"author":3,"featured_media":4127,"comment_status":"open","ping_status":"open","sticky":false,"template":"","format":"standard","meta":{"footnotes":""},"categories":[16],"tags":[1336,1687],"class_list":["post-4126","post","type-post","status-publish","format-standard","has-post-thumbnail","hentry","category-actualidade","tag-efemeride","tag-liberdade-relegiosa"],"blocksy_meta":[],"_links":{"self":[{"href":"https:\/\/www.radiomais.ao\/index.php\/wp-json\/wp\/v2\/posts\/4126","targetHints":{"allow":["GET"]}}],"collection":[{"href":"https:\/\/www.radiomais.ao\/index.php\/wp-json\/wp\/v2\/posts"}],"about":[{"href":"https:\/\/www.radiomais.ao\/index.php\/wp-json\/wp\/v2\/types\/post"}],"author":[{"embeddable":true,"href":"https:\/\/www.radiomais.ao\/index.php\/wp-json\/wp\/v2\/users\/3"}],"replies":[{"embeddable":true,"href":"https:\/\/www.radiomais.ao\/index.php\/wp-json\/wp\/v2\/comments?post=4126"}],"version-history":[{"count":1,"href":"https:\/\/www.radiomais.ao\/index.php\/wp-json\/wp\/v2\/posts\/4126\/revisions"}],"predecessor-version":[{"id":4128,"href":"https:\/\/www.radiomais.ao\/index.php\/wp-json\/wp\/v2\/posts\/4126\/revisions\/4128"}],"wp:featuredmedia":[{"embeddable":true,"href":"https:\/\/www.radiomais.ao\/index.php\/wp-json\/wp\/v2\/media\/4127"}],"wp:attachment":[{"href":"https:\/\/www.radiomais.ao\/index.php\/wp-json\/wp\/v2\/media?parent=4126"}],"wp:term":[{"taxonomy":"category","embeddable":true,"href":"https:\/\/www.radiomais.ao\/index.php\/wp-json\/wp\/v2\/categories?post=4126"},{"taxonomy":"post_tag","embeddable":true,"href":"https:\/\/www.radiomais.ao\/index.php\/wp-json\/wp\/v2\/tags?post=4126"}],"curies":[{"name":"wp","href":"https:\/\/api.w.org\/{rel}","templated":true}]}}