{"id":4140,"date":"2026-01-16T15:06:53","date_gmt":"2026-01-16T14:06:53","guid":{"rendered":"https:\/\/www.radiomais.ao\/?p=4140"},"modified":"2026-01-16T15:06:53","modified_gmt":"2026-01-16T14:06:53","slug":"detido-cidadao-suspeito-de-incendiar-residencia-do-irmao-no-muquixi","status":"publish","type":"post","link":"https:\/\/www.radiomais.ao\/index.php\/2026\/01\/16\/detido-cidadao-suspeito-de-incendiar-residencia-do-irmao-no-muquixi\/","title":{"rendered":"Detido cidad\u00e3o suspeito de incendiar resid\u00eancia do irm\u00e3o no Muquixi."},"content":{"rendered":"\n<p>O Servi\u00e7o de Investiga\u00e7\u00e3o Criminal, em Malanje, deteve, ontem, atrav\u00e9s do Departamento Municipal de Investiga\u00e7\u00e3o Criminal do Muquixi, um cidad\u00e3o nacional de 35 anos de idade, implicado no crime de inc\u00eandio da casa do pr\u00f3prio irm\u00e3o.<\/p>\n\n\n\n<p>Sob o alegado efeito de embriaguez, o suspeito, que atende pelo nome de Joaquim Lemos Lu\u00eds, de acordo com o SIC, aproveitou-se da aus\u00eancia do propriet\u00e1rio da resid\u00eancia e ateou fogo \u00e0 moradia, provocando a destrui\u00e7\u00e3o total do im\u00f3vel.<\/p>\n\n\n\n<p>Segundo o \u00f3rg\u00e3o castrense, o inc\u00eandio provocou danos materiais significativos, nomeadamente a queima de um colch\u00e3o de casal, dois telem\u00f3veis (digital e anal\u00f3gico), um aparelho de som do tipo sistema Bluetooth, roupas cal\u00e7ados e diversos documentos pessoais.<\/p>\n\n\n\n<p>Ap\u00f3s dilig\u00eancias efectuadas pelo SIC, o suspeito foi localizado e detido.<\/p>\n","protected":false},"excerpt":{"rendered":"<p>O Servi\u00e7o de Investiga\u00e7\u00e3o Criminal, em Malanje, deteve, ontem, atrav\u00e9s do Departamento Municipal de Investiga\u00e7\u00e3o Criminal do Muquixi, um cidad\u00e3o nacional de 35 anos de idade, implicado no crime de inc\u00eandio da casa do pr\u00f3prio irm\u00e3o. Sob o alegado efeito de embriaguez, o suspeito, que atende pelo nome de Joaquim Lemos Lu\u00eds, de acordo com [&hellip;]<\/p>\n","protected":false},"author":3,"featured_media":4141,"comment_status":"open","ping_status":"open","sticky":false,"template":"","format":"standard","meta":{"footnotes":""},"categories":[16],"tags":[1691],"class_list":["post-4140","post","type-post","status-publish","format-standard","has-post-thumbnail","hentry","category-actualidade","tag-incendio-no-muquixi"],"blocksy_meta":[],"_links":{"self":[{"href":"https:\/\/www.radiomais.ao\/index.php\/wp-json\/wp\/v2\/posts\/4140","targetHints":{"allow":["GET"]}}],"collection":[{"href":"https:\/\/www.radiomais.ao\/index.php\/wp-json\/wp\/v2\/posts"}],"about":[{"href":"https:\/\/www.radiomais.ao\/index.php\/wp-json\/wp\/v2\/types\/post"}],"author":[{"embeddable":true,"href":"https:\/\/www.radiomais.ao\/index.php\/wp-json\/wp\/v2\/users\/3"}],"replies":[{"embeddable":true,"href":"https:\/\/www.radiomais.ao\/index.php\/wp-json\/wp\/v2\/comments?post=4140"}],"version-history":[{"count":1,"href":"https:\/\/www.radiomais.ao\/index.php\/wp-json\/wp\/v2\/posts\/4140\/revisions"}],"predecessor-version":[{"id":4142,"href":"https:\/\/www.radiomais.ao\/index.php\/wp-json\/wp\/v2\/posts\/4140\/revisions\/4142"}],"wp:featuredmedia":[{"embeddable":true,"href":"https:\/\/www.radiomais.ao\/index.php\/wp-json\/wp\/v2\/media\/4141"}],"wp:attachment":[{"href":"https:\/\/www.radiomais.ao\/index.php\/wp-json\/wp\/v2\/media?parent=4140"}],"wp:term":[{"taxonomy":"category","embeddable":true,"href":"https:\/\/www.radiomais.ao\/index.php\/wp-json\/wp\/v2\/categories?post=4140"},{"taxonomy":"post_tag","embeddable":true,"href":"https:\/\/www.radiomais.ao\/index.php\/wp-json\/wp\/v2\/tags?post=4140"}],"curies":[{"name":"wp","href":"https:\/\/api.w.org\/{rel}","templated":true}]}}