{"id":4143,"date":"2026-01-16T15:10:29","date_gmt":"2026-01-16T14:10:29","guid":{"rendered":"https:\/\/www.radiomais.ao\/?p=4143"},"modified":"2026-01-16T15:10:29","modified_gmt":"2026-01-16T14:10:29","slug":"angola-pode-estar-a-servir-de-canal-para-financiar-grupos-de-terroristas","status":"publish","type":"post","link":"https:\/\/www.radiomais.ao\/index.php\/2026\/01\/16\/angola-pode-estar-a-servir-de-canal-para-financiar-grupos-de-terroristas\/","title":{"rendered":"Angola pode estar a servir de canal para financiar grupos de terroristas."},"content":{"rendered":"\n<p><strong>Apesar de n\u00e3o enfrentar uma amea\u00e7a terrorista interna de natureza sist\u00e9mica, Angola encontra-se exposta a riscos relevantes de financiamento do terrorismo, sobretudo associados a redes externas e transnacionais que exploram fragilidades do sistema econ\u00f3mico e financeiro nacional<\/strong>.<\/p>\n\n\n\n<p>A revela\u00e7\u00e3o \u00e9 feita pela Unidade de Informa\u00e7\u00e3o Financeira (UIF) no relat\u00f3rio s\u00edntese da Avalia\u00e7\u00e3o Nacional de Risco de Financiamento do Terrorismo de 2025 (ANR\/FT 2025), produzido em parceria com o Banco Mundial, que alerta para explora\u00e7\u00e3o de sectores estrat\u00e9gicos da economia por redes terroristas estrangeiras e refor\u00e7a necessidade de maior vigil\u00e2ncia financeira.<\/p>\n\n\n\n<p>Essa situa\u00e7\u00e3o ocorre numa altura em que o pa\u00eds encontra-se exposto a um n\u00edvel m\u00e9dio de risco de financiamento do terrorismo, resultado directo de vulnerabilidades estruturais da economia, sobretudo na circula\u00e7\u00e3o de capitais, no com\u00e9rcio externo e na persist\u00eancia da informalidade financeira. Os pesquisadores explicam como a informalidade, fluxos financeiros opacos e os sectores de elevado volume comercial colocam desafios \u00e0 estabilidade econ\u00f3mica e \u00e0 credibilidade financeira do pa\u00eds, no actual contexto internacional.<\/p>\n\n\n\n<p>Por essa raz\u00e3o, mais do que um alerta de seguran\u00e7a, espera-se que este relat\u00f3rio, que contou com a colabora\u00e7\u00e3o de peritos de diversos \u00f3rg\u00e3os do Estado, funcione como um diagn\u00f3stico econ\u00f3micofinanceiro, ao evidenciar como determinados sectores e pr\u00e1ticas econ\u00f3micas podem ser explorados por redes transnacionais para a movimenta\u00e7\u00e3o de fundos il\u00edcitos. Ler mais em <strong><em><a href=\"https:\/\/www.opais.ao\/politica\/angola-pode-estar-a-servir-de-canal-para-financiar-grupos-de-terroristas\/\">Opa\u00eds<\/a><\/em><\/strong><\/p>\n","protected":false},"excerpt":{"rendered":"<p>Apesar de n\u00e3o enfrentar uma amea\u00e7a terrorista interna de natureza sist\u00e9mica, Angola encontra-se exposta a riscos relevantes de financiamento do terrorismo, sobretudo associados a redes externas e transnacionais que exploram fragilidades do sistema econ\u00f3mico e financeiro nacional. A revela\u00e7\u00e3o \u00e9 feita pela Unidade de Informa\u00e7\u00e3o Financeira (UIF) no relat\u00f3rio s\u00edntese da Avalia\u00e7\u00e3o Nacional de Risco [&hellip;]<\/p>\n","protected":false},"author":3,"featured_media":4144,"comment_status":"open","ping_status":"open","sticky":false,"template":"","format":"standard","meta":{"footnotes":""},"categories":[16],"tags":[75,1692],"class_list":["post-4143","post","type-post","status-publish","format-standard","has-post-thumbnail","hentry","category-actualidade","tag-angola","tag-canal-terrorista"],"blocksy_meta":[],"_links":{"self":[{"href":"https:\/\/www.radiomais.ao\/index.php\/wp-json\/wp\/v2\/posts\/4143","targetHints":{"allow":["GET"]}}],"collection":[{"href":"https:\/\/www.radiomais.ao\/index.php\/wp-json\/wp\/v2\/posts"}],"about":[{"href":"https:\/\/www.radiomais.ao\/index.php\/wp-json\/wp\/v2\/types\/post"}],"author":[{"embeddable":true,"href":"https:\/\/www.radiomais.ao\/index.php\/wp-json\/wp\/v2\/users\/3"}],"replies":[{"embeddable":true,"href":"https:\/\/www.radiomais.ao\/index.php\/wp-json\/wp\/v2\/comments?post=4143"}],"version-history":[{"count":1,"href":"https:\/\/www.radiomais.ao\/index.php\/wp-json\/wp\/v2\/posts\/4143\/revisions"}],"predecessor-version":[{"id":4145,"href":"https:\/\/www.radiomais.ao\/index.php\/wp-json\/wp\/v2\/posts\/4143\/revisions\/4145"}],"wp:featuredmedia":[{"embeddable":true,"href":"https:\/\/www.radiomais.ao\/index.php\/wp-json\/wp\/v2\/media\/4144"}],"wp:attachment":[{"href":"https:\/\/www.radiomais.ao\/index.php\/wp-json\/wp\/v2\/media?parent=4143"}],"wp:term":[{"taxonomy":"category","embeddable":true,"href":"https:\/\/www.radiomais.ao\/index.php\/wp-json\/wp\/v2\/categories?post=4143"},{"taxonomy":"post_tag","embeddable":true,"href":"https:\/\/www.radiomais.ao\/index.php\/wp-json\/wp\/v2\/tags?post=4143"}],"curies":[{"name":"wp","href":"https:\/\/api.w.org\/{rel}","templated":true}]}}