{"id":4146,"date":"2026-01-16T15:14:01","date_gmt":"2026-01-16T14:14:01","guid":{"rendered":"https:\/\/www.radiomais.ao\/?p=4146"},"modified":"2026-01-16T15:14:01","modified_gmt":"2026-01-16T14:14:01","slug":"sistema-juridico-enfrenta-teste-de-eficacia-no-combate-ao-financiamento-do-terrorismo","status":"publish","type":"post","link":"https:\/\/www.radiomais.ao\/index.php\/2026\/01\/16\/sistema-juridico-enfrenta-teste-de-eficacia-no-combate-ao-financiamento-do-terrorismo\/","title":{"rendered":"Sistema jur\u00eddico enfrenta teste de efic\u00e1cia no combate ao financiamento do terrorismo."},"content":{"rendered":"\n<p><strong>A atribui\u00e7\u00e3o \u00e0 Angola de uma classifica\u00e7\u00e3o de risco m\u00e9dio, na Avalia\u00e7\u00e3o Nacional de Risco de Financiamento do Terrorismo (ANR\/FT 2025), pode ser considerada como um sinal de confirma\u00e7\u00e3o da robustez legal e um mecanismo de indica\u00e7\u00e3o das falhas na aplica\u00e7\u00e3o pr\u00e1tica das normas<\/strong>.<\/p>\n\n\n\n<p>Ao fazer uma leitura da classifica\u00e7\u00e3o de risco m\u00e9dio, do ponto de vista jur\u00eddico, o advogado Adriano Sapuleta afirma que n\u00e3o evidencia lacunas legislativas, mas desafios significativos na efectividade da aplica\u00e7\u00e3o das leis existentes.<\/p>\n\n\n\n<p>De acordo com o jurista, o ordenamento jur\u00eddico angolano encontra-se substancialmente alinhado com as Conven\u00e7\u00f5es das Na\u00e7\u00f5es Unidas e com as Recomenda\u00e7\u00f5es do Grupo de Ac\u00e7\u00e3o Financeira Internacional (GAFI), dispondo de um enquadramento normativo moderno e coerente para a preven\u00e7\u00e3o e repress\u00e3o do financiamento do terrorismo. \u201cA pedra angular deste sistema \u00e9 a Lei n.\u00ba 5\/20, que estabelece o regime de Preven\u00e7\u00e3o e Combate ao Branqueamento de Capitais, Financiamento do Terrorismo e .<\/p>\n\n\n\n<p>Prolifera\u00e7\u00e3o de Armas de Destrui\u00e7\u00e3o em Massa, aplic\u00e1vel tanto ao sector financeiro como ao n\u00e3o financeiro\u201d, detalhou. Para fundamentar o seu ponto de vista, recorreu \u00e0 Constitui\u00e7\u00e3o da Rep\u00fablica de Angola que, ao consagrar a defesa da soberania nacional e a repress\u00e3o ao terrorismo, cria o fundamento jur\u00eddico para a actua\u00e7\u00e3o do Estado neste dom\u00ednio.<\/p>\n\n\n\n<p>A este quadro juntam-se diplomas como a Lei n.\u00ba 3\/14, que criminaliza as infrac\u00e7\u00f5es subjacentes ao branqueamento de capitais e refor\u00e7a a responsabiliza\u00e7\u00e3o penal de pessoas singulares e colectivas. Para si, a inexist\u00eancia de uma amea\u00e7a terrorista interna sist\u00e9mica n\u00e3o diminui a relev\u00e2ncia jur\u00eddica do problema, uma vez que Angola permanece exposta a riscos externos e transnacionais, que exigem um sistema legal funcional, capaz de responder de forma c\u00e9lere e articulada. Ler mais em Opa\u00eds.<\/p>\n","protected":false},"excerpt":{"rendered":"<p>A atribui\u00e7\u00e3o \u00e0 Angola de uma classifica\u00e7\u00e3o de risco m\u00e9dio, na Avalia\u00e7\u00e3o Nacional de Risco de Financiamento do Terrorismo (ANR\/FT 2025), pode ser considerada como um sinal de confirma\u00e7\u00e3o da robustez legal e um mecanismo de indica\u00e7\u00e3o das falhas na aplica\u00e7\u00e3o pr\u00e1tica das normas. Ao fazer uma leitura da classifica\u00e7\u00e3o de risco m\u00e9dio, do ponto [&hellip;]<\/p>\n","protected":false},"author":3,"featured_media":4147,"comment_status":"open","ping_status":"open","sticky":false,"template":"","format":"standard","meta":{"footnotes":""},"categories":[16],"tags":[1694,1693,1695],"class_list":["post-4146","post","type-post","status-publish","format-standard","has-post-thumbnail","hentry","category-actualidade","tag-financiamento-do-terrorismo","tag-justica","tag-sistema-juridico-enfrenta-teste-de"],"blocksy_meta":[],"_links":{"self":[{"href":"https:\/\/www.radiomais.ao\/index.php\/wp-json\/wp\/v2\/posts\/4146","targetHints":{"allow":["GET"]}}],"collection":[{"href":"https:\/\/www.radiomais.ao\/index.php\/wp-json\/wp\/v2\/posts"}],"about":[{"href":"https:\/\/www.radiomais.ao\/index.php\/wp-json\/wp\/v2\/types\/post"}],"author":[{"embeddable":true,"href":"https:\/\/www.radiomais.ao\/index.php\/wp-json\/wp\/v2\/users\/3"}],"replies":[{"embeddable":true,"href":"https:\/\/www.radiomais.ao\/index.php\/wp-json\/wp\/v2\/comments?post=4146"}],"version-history":[{"count":1,"href":"https:\/\/www.radiomais.ao\/index.php\/wp-json\/wp\/v2\/posts\/4146\/revisions"}],"predecessor-version":[{"id":4148,"href":"https:\/\/www.radiomais.ao\/index.php\/wp-json\/wp\/v2\/posts\/4146\/revisions\/4148"}],"wp:featuredmedia":[{"embeddable":true,"href":"https:\/\/www.radiomais.ao\/index.php\/wp-json\/wp\/v2\/media\/4147"}],"wp:attachment":[{"href":"https:\/\/www.radiomais.ao\/index.php\/wp-json\/wp\/v2\/media?parent=4146"}],"wp:term":[{"taxonomy":"category","embeddable":true,"href":"https:\/\/www.radiomais.ao\/index.php\/wp-json\/wp\/v2\/categories?post=4146"},{"taxonomy":"post_tag","embeddable":true,"href":"https:\/\/www.radiomais.ao\/index.php\/wp-json\/wp\/v2\/tags?post=4146"}],"curies":[{"name":"wp","href":"https:\/\/api.w.org\/{rel}","templated":true}]}}