{"id":4149,"date":"2026-01-16T15:17:08","date_gmt":"2026-01-16T14:17:08","guid":{"rendered":"https:\/\/www.radiomais.ao\/?p=4149"},"modified":"2026-01-16T15:17:08","modified_gmt":"2026-01-16T14:17:08","slug":"fundo-das-nacoes-unidas-para-a-populacao-entrega-materiais-de-saude-ao-minsa","status":"publish","type":"post","link":"https:\/\/www.radiomais.ao\/index.php\/2026\/01\/16\/fundo-das-nacoes-unidas-para-a-populacao-entrega-materiais-de-saude-ao-minsa\/","title":{"rendered":"Fundo das Na\u00e7\u00f5es Unidas para a Popula\u00e7\u00e3o entrega materiais de sa\u00fade ao MINSA."},"content":{"rendered":"\n<p><strong>O lote de materiais de sa\u00fade que o Fundo das Na\u00e7\u00f5es Unidas para a Popula\u00e7\u00e3o (UNFPA) entregou, na \u00faltima semana, ao Minist\u00e9rio da Sa\u00fade (MINSA) cont\u00e9m oito milh\u00f5es e 700 mil preservativos masculinos, 90.000 cadernos de sa\u00fade materno-infantil e 53 kits de mobili\u00e1rio b\u00e1sico destinados a unidades sanit\u00e1rias de 17 prov\u00edncias que prestam servi\u00e7os amigos dos adolescentes e jovens<\/strong>.<\/p>\n\n\n\n<p>O Fundo das Na\u00e7\u00f5es Unidas para a Popula\u00e7\u00e3o (UNFPA), para simbolizar mais um passo na parceria estrat\u00e9gica com o Minist\u00e9rio da Sa\u00fade de Angola, e agradecer a lideran\u00e7a da ministra da Sa\u00fade, S\u00edlvia Lutucuta, na promo\u00e7\u00e3o de servi\u00e7os de Sa\u00fade Sexual e Reprodutiva de qualidade, em especial aten\u00e7\u00e3o \u00e0 sa\u00fade materna e neonatal, e \u00e0 dedica\u00e7\u00e3o aos adolescentes e jovens, incluindo a preven\u00e7\u00e3o do VIH.<\/p>\n\n\n\n<p>Procedeu \u00e0 entrega oficial ao Minist\u00e9rio da Sa\u00fade de 8,7 milh\u00f5es de preservativos masculinos, 90.000 cadernos de Sa\u00fade Materno-Infantil e 53 kits de mobili\u00e1rio b\u00e1sico destinados a unidades sanit\u00e1rias de 17 prov\u00edncias que prestam Servi\u00e7os Amigos dos Adolescentes e Jovens.<\/p>\n\n\n\n<p>De acordo com a representante da UNFPA, Rinko Kinoshita, a doa\u00e7\u00e3o dos preservativos masculinos foi feita com a inten\u00e7\u00e3o de colaborar com as iniciativas governamentais, em responder de forma urgente \u00e0s lacunas na rotura de stock de m\u00e9todos contraceptivos modernos, agravadas pelo corte abrupto nos financiamentos do governo dos Estados Unidos, desde o in\u00edcio de 2025.<\/p>\n\n\n\n<p>Rinko Kinoshita referiu que o caderno de sa\u00fade materno-infantil \u00e9 fruto de um trabalho conjunto de parceiros, liderado pela JICA, h\u00e1 quase uma d\u00e9cada, e constitui uma ferramenta essencial para assegurar a continuidade dos cuidados.<\/p>\n","protected":false},"excerpt":{"rendered":"<p>O lote de materiais de sa\u00fade que o Fundo das Na\u00e7\u00f5es Unidas para a Popula\u00e7\u00e3o (UNFPA) entregou, na \u00faltima semana, ao Minist\u00e9rio da Sa\u00fade (MINSA) cont\u00e9m oito milh\u00f5es e 700 mil preservativos masculinos, 90.000 cadernos de sa\u00fade materno-infantil e 53 kits de mobili\u00e1rio b\u00e1sico destinados a unidades sanit\u00e1rias de 17 prov\u00edncias que prestam servi\u00e7os amigos [&hellip;]<\/p>\n","protected":false},"author":3,"featured_media":4150,"comment_status":"open","ping_status":"open","sticky":false,"template":"","format":"standard","meta":{"footnotes":""},"categories":[16],"tags":[1696,579],"class_list":["post-4149","post","type-post","status-publish","format-standard","has-post-thumbnail","hentry","category-actualidade","tag-fundo-das-nacoes","tag-minsa"],"blocksy_meta":[],"_links":{"self":[{"href":"https:\/\/www.radiomais.ao\/index.php\/wp-json\/wp\/v2\/posts\/4149","targetHints":{"allow":["GET"]}}],"collection":[{"href":"https:\/\/www.radiomais.ao\/index.php\/wp-json\/wp\/v2\/posts"}],"about":[{"href":"https:\/\/www.radiomais.ao\/index.php\/wp-json\/wp\/v2\/types\/post"}],"author":[{"embeddable":true,"href":"https:\/\/www.radiomais.ao\/index.php\/wp-json\/wp\/v2\/users\/3"}],"replies":[{"embeddable":true,"href":"https:\/\/www.radiomais.ao\/index.php\/wp-json\/wp\/v2\/comments?post=4149"}],"version-history":[{"count":1,"href":"https:\/\/www.radiomais.ao\/index.php\/wp-json\/wp\/v2\/posts\/4149\/revisions"}],"predecessor-version":[{"id":4151,"href":"https:\/\/www.radiomais.ao\/index.php\/wp-json\/wp\/v2\/posts\/4149\/revisions\/4151"}],"wp:featuredmedia":[{"embeddable":true,"href":"https:\/\/www.radiomais.ao\/index.php\/wp-json\/wp\/v2\/media\/4150"}],"wp:attachment":[{"href":"https:\/\/www.radiomais.ao\/index.php\/wp-json\/wp\/v2\/media?parent=4149"}],"wp:term":[{"taxonomy":"category","embeddable":true,"href":"https:\/\/www.radiomais.ao\/index.php\/wp-json\/wp\/v2\/categories?post=4149"},{"taxonomy":"post_tag","embeddable":true,"href":"https:\/\/www.radiomais.ao\/index.php\/wp-json\/wp\/v2\/tags?post=4149"}],"curies":[{"name":"wp","href":"https:\/\/api.w.org\/{rel}","templated":true}]}}