{"id":4155,"date":"2026-01-20T08:46:50","date_gmt":"2026-01-20T07:46:50","guid":{"rendered":"https:\/\/www.radiomais.ao\/?p=4155"},"modified":"2026-01-20T08:46:50","modified_gmt":"2026-01-20T07:46:50","slug":"policia-regista-mais-de-400-acidentes-e-91-mortes-nos-primeiros-15-dias-do-ano","status":"publish","type":"post","link":"https:\/\/www.radiomais.ao\/index.php\/2026\/01\/20\/policia-regista-mais-de-400-acidentes-e-91-mortes-nos-primeiros-15-dias-do-ano\/","title":{"rendered":"Pol\u00edcia regista mais de 400 acidentes e 91 mortes nos primeiros 15 dias do ano."},"content":{"rendered":"\n<p><strong>A Pol\u00edcia Nacional de Angola (PNA) divulgou, no \u00faltimo fim-de- semana, o balan\u00e7o da primeira quinzena do ano de 2026 em todo o pa\u00eds, estando em destaque, durante o mesmo per\u00edodo, como consta no relat\u00f3rio, o furto de bens, a viola\u00e7\u00e3o sexual contra menores e ainda a sinistralidade rodovi\u00e1ria<\/strong>.<\/p>\n\n\n\n<p>Este \u00faltimo teve um registro de 481 acidentes, que resultou em 91 mortes e 618 feridos. Segundo constatou a Pol\u00edcia Nacional, o destaque recai para 180 atropelamentos, pelo que as ocorr\u00eancias tiveram como principais causas travessia em lugares impr\u00f3prios, paragens irregulares, excesso de velocidade, uso do telem\u00f3vel durante o exerc\u00edcio da condu\u00e7\u00e3o e mau estado t\u00e9cnico das viaturas.<\/p>\n\n\n\n<p>Foram aplicadas 7.166 multas por transgress\u00f5es diversas ao C\u00f3digo de Estrada e apreendidos documentos de identifica\u00e7\u00e3o de condutores e viaturas. Ler mais em <strong><em><a href=\"https:\/\/www.opais.ao\/sociedade\/policia-regista-mais-de-400-acidentes-e-91-mortes-nos-primeiros-15-dias-do-ano\/\">Opa\u00eds.<\/a><\/em><\/strong><\/p>\n","protected":false},"excerpt":{"rendered":"<p>A Pol\u00edcia Nacional de Angola (PNA) divulgou, no \u00faltimo fim-de- semana, o balan\u00e7o da primeira quinzena do ano de 2026 em todo o pa\u00eds, estando em destaque, durante o mesmo per\u00edodo, como consta no relat\u00f3rio, o furto de bens, a viola\u00e7\u00e3o sexual contra menores e ainda a sinistralidade rodovi\u00e1ria. Este \u00faltimo teve um registro de [&hellip;]<\/p>\n","protected":false},"author":3,"featured_media":4156,"comment_status":"open","ping_status":"open","sticky":false,"template":"","format":"standard","meta":{"footnotes":""},"categories":[16],"tags":[1699,1700],"class_list":["post-4155","post","type-post","status-publish","format-standard","has-post-thumbnail","hentry","category-actualidade","tag-400-acidentes","tag-91-mortes-em-15-dias"],"blocksy_meta":[],"_links":{"self":[{"href":"https:\/\/www.radiomais.ao\/index.php\/wp-json\/wp\/v2\/posts\/4155","targetHints":{"allow":["GET"]}}],"collection":[{"href":"https:\/\/www.radiomais.ao\/index.php\/wp-json\/wp\/v2\/posts"}],"about":[{"href":"https:\/\/www.radiomais.ao\/index.php\/wp-json\/wp\/v2\/types\/post"}],"author":[{"embeddable":true,"href":"https:\/\/www.radiomais.ao\/index.php\/wp-json\/wp\/v2\/users\/3"}],"replies":[{"embeddable":true,"href":"https:\/\/www.radiomais.ao\/index.php\/wp-json\/wp\/v2\/comments?post=4155"}],"version-history":[{"count":1,"href":"https:\/\/www.radiomais.ao\/index.php\/wp-json\/wp\/v2\/posts\/4155\/revisions"}],"predecessor-version":[{"id":4157,"href":"https:\/\/www.radiomais.ao\/index.php\/wp-json\/wp\/v2\/posts\/4155\/revisions\/4157"}],"wp:featuredmedia":[{"embeddable":true,"href":"https:\/\/www.radiomais.ao\/index.php\/wp-json\/wp\/v2\/media\/4156"}],"wp:attachment":[{"href":"https:\/\/www.radiomais.ao\/index.php\/wp-json\/wp\/v2\/media?parent=4155"}],"wp:term":[{"taxonomy":"category","embeddable":true,"href":"https:\/\/www.radiomais.ao\/index.php\/wp-json\/wp\/v2\/categories?post=4155"},{"taxonomy":"post_tag","embeddable":true,"href":"https:\/\/www.radiomais.ao\/index.php\/wp-json\/wp\/v2\/tags?post=4155"}],"curies":[{"name":"wp","href":"https:\/\/api.w.org\/{rel}","templated":true}]}}