{"id":4161,"date":"2026-01-20T09:01:48","date_gmt":"2026-01-20T08:01:48","guid":{"rendered":"https:\/\/www.radiomais.ao\/?p=4161"},"modified":"2026-01-20T09:01:48","modified_gmt":"2026-01-20T08:01:48","slug":"bp-do-mpla-confirma-candidaturas-ao-cargo-de-secretaria-geral-da-oma","status":"publish","type":"post","link":"https:\/\/www.radiomais.ao\/index.php\/2026\/01\/20\/bp-do-mpla-confirma-candidaturas-ao-cargo-de-secretaria-geral-da-oma\/","title":{"rendered":"BP do MPLA confirma candidaturas ao cargo de secret\u00e1ria-geral da OMA."},"content":{"rendered":"\n<p><strong>As duas candidatas aprovadas para concorrer ao cargo de secret\u00e1ria-geral da OMA dizem estar prontas e confiantes para liderar a organiza\u00e7\u00e3o e apoiar o partido nos grandes desafios que se avizinham<\/strong>.<\/p>\n\n\n\n<p>O Bureau Pol\u00edtico do MPLA realizou, ontem em Luanda, a sua primeira reuni\u00e3o ordin\u00e1ria referente ao ano 2026. A reuni\u00e3o analisou os documentos sobre a prepara\u00e7\u00e3o do 8\u00ba Congresso Ordin\u00e1rio da Organiza\u00e7\u00e3o da Mulher Angolana (OMA) e aprovou a proposta das duas candidaturas ao cargo de secret\u00e1ria-geral da OMA.<\/p>\n\n\n\n<p>Trata-se das candidaturas de Em\u00edlia Carlota Dias e Graciete Dombolo Sungua, que v\u00e3o a voto no 8.\u00ba Congresso Ordin\u00e1rio da OMA, que vai decorrer de 28 de Fevereiro a 1 de Mar\u00e7o de 2026. Ler mais em <strong><em><a href=\"https:\/\/www.opais.ao\/politica\/bp-do-mpla-confirma-candidaturas-ao-cargo-de-secretaria-geral-da-oma\/\"> Opa\u00eds<\/a><\/em><\/strong><\/p>\n","protected":false},"excerpt":{"rendered":"<p>As duas candidatas aprovadas para concorrer ao cargo de secret\u00e1ria-geral da OMA dizem estar prontas e confiantes para liderar a organiza\u00e7\u00e3o e apoiar o partido nos grandes desafios que se avizinham. O Bureau Pol\u00edtico do MPLA realizou, ontem em Luanda, a sua primeira reuni\u00e3o ordin\u00e1ria referente ao ano 2026. A reuni\u00e3o analisou os documentos sobre [&hellip;]<\/p>\n","protected":false},"author":3,"featured_media":4162,"comment_status":"open","ping_status":"open","sticky":false,"template":"","format":"standard","meta":{"footnotes":""},"categories":[16],"tags":[1704,1705],"class_list":["post-4161","post","type-post","status-publish","format-standard","has-post-thumbnail","hentry","category-actualidade","tag-bp-do-mpla","tag-candidaturas"],"blocksy_meta":[],"_links":{"self":[{"href":"https:\/\/www.radiomais.ao\/index.php\/wp-json\/wp\/v2\/posts\/4161","targetHints":{"allow":["GET"]}}],"collection":[{"href":"https:\/\/www.radiomais.ao\/index.php\/wp-json\/wp\/v2\/posts"}],"about":[{"href":"https:\/\/www.radiomais.ao\/index.php\/wp-json\/wp\/v2\/types\/post"}],"author":[{"embeddable":true,"href":"https:\/\/www.radiomais.ao\/index.php\/wp-json\/wp\/v2\/users\/3"}],"replies":[{"embeddable":true,"href":"https:\/\/www.radiomais.ao\/index.php\/wp-json\/wp\/v2\/comments?post=4161"}],"version-history":[{"count":1,"href":"https:\/\/www.radiomais.ao\/index.php\/wp-json\/wp\/v2\/posts\/4161\/revisions"}],"predecessor-version":[{"id":4163,"href":"https:\/\/www.radiomais.ao\/index.php\/wp-json\/wp\/v2\/posts\/4161\/revisions\/4163"}],"wp:featuredmedia":[{"embeddable":true,"href":"https:\/\/www.radiomais.ao\/index.php\/wp-json\/wp\/v2\/media\/4162"}],"wp:attachment":[{"href":"https:\/\/www.radiomais.ao\/index.php\/wp-json\/wp\/v2\/media?parent=4161"}],"wp:term":[{"taxonomy":"category","embeddable":true,"href":"https:\/\/www.radiomais.ao\/index.php\/wp-json\/wp\/v2\/categories?post=4161"},{"taxonomy":"post_tag","embeddable":true,"href":"https:\/\/www.radiomais.ao\/index.php\/wp-json\/wp\/v2\/tags?post=4161"}],"curies":[{"name":"wp","href":"https:\/\/api.w.org\/{rel}","templated":true}]}}