{"id":4170,"date":"2026-01-20T09:18:14","date_gmt":"2026-01-20T08:18:14","guid":{"rendered":"https:\/\/www.radiomais.ao\/?p=4170"},"modified":"2026-01-20T09:18:14","modified_gmt":"2026-01-20T08:18:14","slug":"angola-pretende-comercializar-mais-de-50-mil-pacotes-turisticos-na-maior-feira-de-consumo-da-europa","status":"publish","type":"post","link":"https:\/\/www.radiomais.ao\/index.php\/2026\/01\/20\/angola-pretende-comercializar-mais-de-50-mil-pacotes-turisticos-na-maior-feira-de-consumo-da-europa\/","title":{"rendered":"Angola pretende comercializar mais de 50 mil pacotes tur\u00edsticos na maior feira de consumo da Europa."},"content":{"rendered":"\n<p><strong>Angola est\u00e1 a assumir um papel de destaque no cen\u00e1rio tur\u00edstico mundial como o Pa\u00eds Anfitri\u00e3o Oficial da CMT Estugarda 2026 (Die Urlaubs-Messe), a maior feira de turismo de consumo da Europa, onde pretende comercializar mais de 50 mil pacotes tur\u00edsticos<\/strong>.<\/p>\n\n\n\n<p>A delega\u00e7\u00e3o angolana, liderada pelo ministro do Turismo, M\u00e1rcio Daniel, que quer atingir este objectivo ambicioso durante os nove dias do evento, que decorre de 17 a 25 de Janeiro, marca o lan\u00e7amento internacional da nova identidade visual do pa\u00eds sob o lema: \u201cVisit Angola \u2013 The Rhythm of Life\u201d~.<\/p>\n\n\n\n<p>A presen\u00e7a como pa\u00eds parceiro \u00e9 uma escolha estrat\u00e9gica para penetrar no mercado DACH (Alemanha, \u00c1ustria e Su\u00ed\u00e7a), conhecido pelo seu elevado poder de compra e interesse por destinos de natureza e aventura.<\/p>\n\n\n\n<p>Situado no Hall 4 (Stand 4B11), o espa\u00e7o de Angola foi concebido para oferecer uma experi\u00eancia sensorial completa aos visitantes, como o simbolismo nas cores: O design do stand utiliza o verde para representar as florestas, o azul para a extensa costa atl\u00e2ntica de 1.600 km, o castanho para as paisagens montanhosas e o vermelho para celebrar a gastronomia e a alegria do povo. Ler mais <strong><em><a href=\"https:\/\/www.opais.ao\/economia\/angola-pretende-comercializar-mais-de-50-mil-pacotes-turisticos-na-maior-feira-de-consumo-da-europa\/\">O pa\u00eds.<\/a><\/em><\/strong><\/p>\n","protected":false},"excerpt":{"rendered":"<p>Angola est\u00e1 a assumir um papel de destaque no cen\u00e1rio tur\u00edstico mundial como o Pa\u00eds Anfitri\u00e3o Oficial da CMT Estugarda 2026 (Die Urlaubs-Messe), a maior feira de turismo de consumo da Europa, onde pretende comercializar mais de 50 mil pacotes tur\u00edsticos. A delega\u00e7\u00e3o angolana, liderada pelo ministro do Turismo, M\u00e1rcio Daniel, que quer atingir este [&hellip;]<\/p>\n","protected":false},"author":3,"featured_media":4171,"comment_status":"open","ping_status":"open","sticky":false,"template":"","format":"standard","meta":{"footnotes":""},"categories":[16],"tags":[1711],"class_list":["post-4170","post","type-post","status-publish","format-standard","has-post-thumbnail","hentry","category-actualidade","tag-angola-pretende-comercializar-mais-de-50-mil-pacotes-turisticos"],"blocksy_meta":[],"_links":{"self":[{"href":"https:\/\/www.radiomais.ao\/index.php\/wp-json\/wp\/v2\/posts\/4170","targetHints":{"allow":["GET"]}}],"collection":[{"href":"https:\/\/www.radiomais.ao\/index.php\/wp-json\/wp\/v2\/posts"}],"about":[{"href":"https:\/\/www.radiomais.ao\/index.php\/wp-json\/wp\/v2\/types\/post"}],"author":[{"embeddable":true,"href":"https:\/\/www.radiomais.ao\/index.php\/wp-json\/wp\/v2\/users\/3"}],"replies":[{"embeddable":true,"href":"https:\/\/www.radiomais.ao\/index.php\/wp-json\/wp\/v2\/comments?post=4170"}],"version-history":[{"count":1,"href":"https:\/\/www.radiomais.ao\/index.php\/wp-json\/wp\/v2\/posts\/4170\/revisions"}],"predecessor-version":[{"id":4172,"href":"https:\/\/www.radiomais.ao\/index.php\/wp-json\/wp\/v2\/posts\/4170\/revisions\/4172"}],"wp:featuredmedia":[{"embeddable":true,"href":"https:\/\/www.radiomais.ao\/index.php\/wp-json\/wp\/v2\/media\/4171"}],"wp:attachment":[{"href":"https:\/\/www.radiomais.ao\/index.php\/wp-json\/wp\/v2\/media?parent=4170"}],"wp:term":[{"taxonomy":"category","embeddable":true,"href":"https:\/\/www.radiomais.ao\/index.php\/wp-json\/wp\/v2\/categories?post=4170"},{"taxonomy":"post_tag","embeddable":true,"href":"https:\/\/www.radiomais.ao\/index.php\/wp-json\/wp\/v2\/tags?post=4170"}],"curies":[{"name":"wp","href":"https:\/\/api.w.org\/{rel}","templated":true}]}}