{"id":4179,"date":"2026-01-20T09:45:16","date_gmt":"2026-01-20T08:45:16","guid":{"rendered":"https:\/\/www.radiomais.ao\/?p=4179"},"modified":"2026-01-20T09:45:16","modified_gmt":"2026-01-20T08:45:16","slug":"sectores-imobiliarios-e-petroliferos-lideram-lista-de-maior-vulnerabilidade-ao-branqueamento-de-capitais","status":"publish","type":"post","link":"https:\/\/www.radiomais.ao\/index.php\/2026\/01\/20\/sectores-imobiliarios-e-petroliferos-lideram-lista-de-maior-vulnerabilidade-ao-branqueamento-de-capitais\/","title":{"rendered":"Sectores imobili\u00e1rios e petrol\u00edferos lideram lista de maior vulnerabilidade ao branqueamento de capitais"},"content":{"rendered":"\n<p><strong>Os sectores imobili\u00e1rios e petrol\u00edferos foram identificados como os mais vulner\u00e1veis ao branqueamento de capitais em Angola, ocupando o primeiro lugar na tabela de prioridades de mitiga\u00e7\u00e3o por sectores, segundo a Avalia\u00e7\u00e3o Nacional de Risco, de 2025<\/strong><\/p>\n\n\n\n<p>O documento, elaborado por peritos da Unidade de Informa\u00e7\u00e3o Financeira (UIF), a que o jornal OPA\u00cdS teve acesso, conclui que o n\u00edvel de vulnerabilidade nacional \u00e0 pr\u00e1tica deste tipo de crime \u00e9 m\u00e9dio, resultado da conjuga\u00e7\u00e3o entre a capacidade institucional do pa\u00eds e os riscos espec\u00edficos associados aos principais sectores econ\u00f3micos. Ler mais em<strong><em><a href=\"https:\/\/www.opais.ao\/economia\/sectores-imobiliarios-e-petroliferoslideram-lista-de-maior-vulnerabilidadeao-branqueamento-de-capitais\/\"> Opa\u00eds<\/a><\/em><\/strong><\/p>\n","protected":false},"excerpt":{"rendered":"<p>Os sectores imobili\u00e1rios e petrol\u00edferos foram identificados como os mais vulner\u00e1veis ao branqueamento de capitais em Angola, ocupando o primeiro lugar na tabela de prioridades de mitiga\u00e7\u00e3o por sectores, segundo a Avalia\u00e7\u00e3o Nacional de Risco, de 2025 O documento, elaborado por peritos da Unidade de Informa\u00e7\u00e3o Financeira (UIF), a que o jornal OPA\u00cdS teve acesso, [&hellip;]<\/p>\n","protected":false},"author":3,"featured_media":4180,"comment_status":"open","ping_status":"open","sticky":false,"template":"","format":"standard","meta":{"footnotes":""},"categories":[16],"tags":[1716,1715],"class_list":["post-4179","post","type-post","status-publish","format-standard","has-post-thumbnail","hentry","category-actualidade","tag-branqueamento-de-capitais","tag-sectores-imobiliarios-e-petroliferos"],"blocksy_meta":[],"_links":{"self":[{"href":"https:\/\/www.radiomais.ao\/index.php\/wp-json\/wp\/v2\/posts\/4179","targetHints":{"allow":["GET"]}}],"collection":[{"href":"https:\/\/www.radiomais.ao\/index.php\/wp-json\/wp\/v2\/posts"}],"about":[{"href":"https:\/\/www.radiomais.ao\/index.php\/wp-json\/wp\/v2\/types\/post"}],"author":[{"embeddable":true,"href":"https:\/\/www.radiomais.ao\/index.php\/wp-json\/wp\/v2\/users\/3"}],"replies":[{"embeddable":true,"href":"https:\/\/www.radiomais.ao\/index.php\/wp-json\/wp\/v2\/comments?post=4179"}],"version-history":[{"count":1,"href":"https:\/\/www.radiomais.ao\/index.php\/wp-json\/wp\/v2\/posts\/4179\/revisions"}],"predecessor-version":[{"id":4181,"href":"https:\/\/www.radiomais.ao\/index.php\/wp-json\/wp\/v2\/posts\/4179\/revisions\/4181"}],"wp:featuredmedia":[{"embeddable":true,"href":"https:\/\/www.radiomais.ao\/index.php\/wp-json\/wp\/v2\/media\/4180"}],"wp:attachment":[{"href":"https:\/\/www.radiomais.ao\/index.php\/wp-json\/wp\/v2\/media?parent=4179"}],"wp:term":[{"taxonomy":"category","embeddable":true,"href":"https:\/\/www.radiomais.ao\/index.php\/wp-json\/wp\/v2\/categories?post=4179"},{"taxonomy":"post_tag","embeddable":true,"href":"https:\/\/www.radiomais.ao\/index.php\/wp-json\/wp\/v2\/tags?post=4179"}],"curies":[{"name":"wp","href":"https:\/\/api.w.org\/{rel}","templated":true}]}}