{"id":4192,"date":"2026-01-20T11:40:42","date_gmt":"2026-01-20T10:40:42","guid":{"rendered":"https:\/\/www.radiomais.ao\/?p=4192"},"modified":"2026-01-20T11:40:42","modified_gmt":"2026-01-20T10:40:42","slug":"a-superlotacao-nos-lares-de-acolhimento-e-um-problema-grave-e-recorrente-em-angola","status":"publish","type":"post","link":"https:\/\/www.radiomais.ao\/index.php\/2026\/01\/20\/a-superlotacao-nos-lares-de-acolhimento-e-um-problema-grave-e-recorrente-em-angola\/","title":{"rendered":"A Superlota\u00e7\u00e3o nos lares de acolhimento \u00e9 um problema grave e recorrente em Angola."},"content":{"rendered":"\n<p>A Superlota\u00e7\u00e3o nos lares de acolhimento \u00e9 um problema grave e recorrente em Angola, que compromete directamente o bem estar das crian\u00e7as e adolescentes que dependem dessas institui\u00e7\u00f5es para prote\u00e7\u00e3o e cuidados.<\/p>\n\n\n\n<p>Para reverter quadro o Tribunal da Comarca de Luanda, por meio da Sala de Justi\u00e7a Juvenil, deu in\u00edcio ontem a uma medida de prote\u00e7\u00e3o \u00e0 inf\u00e2ncia no Lar Kuzola.<\/p>\n\n\n\n<p>Dezassete crian\u00e7as abandonadas, com idades entre 0 e 3 anos, foram entregues provisoriamente a fam\u00edlias substitutas nas prov\u00edncias de Luanda e Icolo e Bengo.<\/p>\n\n\n<div \n    class=\"align wp-block-scb-sound-cloud\"    id=\"scbSoundCloud-1\"\n    data-attributes='{&quot;cId&quot;:&quot;001080f5-4&quot;,&quot;tracks&quot;:[{&quot;url&quot;:&quot;https:\\\/\\\/soundcloud.com\\\/radio-mais-luanda\\\/superlotacao-nos-lares-de-acolhimento-em-angola?si=f2bfc8ff81dd409a994e9b85ee78a6d2&amp;utm_source=clipboard&amp;utm_medium=text&amp;utm_campaign=social_sharing&quot;,&quot;startTrack&quot;:0}],&quot;alignment&quot;:&quot;center&quot;,&quot;align&quot;:&quot;&quot;,&quot;options&quot;:{&quot;isAutoPlay&quot;:true,&quot;color&quot;:&quot;#f50&quot;,&quot;isBuying&quot;:true,&quot;isSharing&quot;:true,&quot;isDownload&quot;:true,&quot;isArtWork&quot;:true,&quot;isPlayCount&quot;:true,&quot;isUser&quot;:true,&quot;isSingleActive&quot;:true,&quot;isComments&quot;:true,&quot;isVisual&quot;:false,&quot;isTeaser&quot;:false,&quot;isHideRelated&quot;:false},&quot;iframeStyle&quot;:{&quot;width&quot;:&quot;100%&quot;,&quot;height&quot;:&quot;170px&quot;},&quot;frameBorder&quot;:{&quot;color&quot;:&quot;#000&quot;,&quot;style&quot;:&quot;solid&quot;,&quot;width&quot;:&quot;1px&quot;},&quot;frameBRadius&quot;:{&quot;top&quot;:&quot;3px&quot;,&quot;bottom&quot;:&quot;3px&quot;,&quot;left&quot;:&quot;3px&quot;,&quot;right&quot;:&quot;3px&quot;},&quot;frameBoxShadow&quot;:[]}'>\n<\/div>\n\n \n      ","protected":false},"excerpt":{"rendered":"<p>A Superlota\u00e7\u00e3o nos lares de acolhimento \u00e9 um problema grave e recorrente em Angola, que compromete directamente o bem estar das crian\u00e7as e adolescentes que dependem dessas institui\u00e7\u00f5es para prote\u00e7\u00e3o e cuidados. Para reverter quadro o Tribunal da Comarca de Luanda, por meio da Sala de Justi\u00e7a Juvenil, deu in\u00edcio ontem a uma medida de [&hellip;]<\/p>\n","protected":false},"author":3,"featured_media":4198,"comment_status":"open","ping_status":"open","sticky":false,"template":"","format":"standard","meta":{"footnotes":""},"categories":[16],"tags":[1720,1721],"class_list":["post-4192","post","type-post","status-publish","format-standard","has-post-thumbnail","hentry","category-actualidade","tag-lares-de-acolhimento","tag-superlotacao"],"blocksy_meta":[],"_links":{"self":[{"href":"https:\/\/www.radiomais.ao\/index.php\/wp-json\/wp\/v2\/posts\/4192","targetHints":{"allow":["GET"]}}],"collection":[{"href":"https:\/\/www.radiomais.ao\/index.php\/wp-json\/wp\/v2\/posts"}],"about":[{"href":"https:\/\/www.radiomais.ao\/index.php\/wp-json\/wp\/v2\/types\/post"}],"author":[{"embeddable":true,"href":"https:\/\/www.radiomais.ao\/index.php\/wp-json\/wp\/v2\/users\/3"}],"replies":[{"embeddable":true,"href":"https:\/\/www.radiomais.ao\/index.php\/wp-json\/wp\/v2\/comments?post=4192"}],"version-history":[{"count":1,"href":"https:\/\/www.radiomais.ao\/index.php\/wp-json\/wp\/v2\/posts\/4192\/revisions"}],"predecessor-version":[{"id":4199,"href":"https:\/\/www.radiomais.ao\/index.php\/wp-json\/wp\/v2\/posts\/4192\/revisions\/4199"}],"wp:featuredmedia":[{"embeddable":true,"href":"https:\/\/www.radiomais.ao\/index.php\/wp-json\/wp\/v2\/media\/4198"}],"wp:attachment":[{"href":"https:\/\/www.radiomais.ao\/index.php\/wp-json\/wp\/v2\/media?parent=4192"}],"wp:term":[{"taxonomy":"category","embeddable":true,"href":"https:\/\/www.radiomais.ao\/index.php\/wp-json\/wp\/v2\/categories?post=4192"},{"taxonomy":"post_tag","embeddable":true,"href":"https:\/\/www.radiomais.ao\/index.php\/wp-json\/wp\/v2\/tags?post=4192"}],"curies":[{"name":"wp","href":"https:\/\/api.w.org\/{rel}","templated":true}]}}