{"id":4214,"date":"2026-01-20T12:17:44","date_gmt":"2026-01-20T11:17:44","guid":{"rendered":"https:\/\/www.radiomais.ao\/?p=4214"},"modified":"2026-01-20T12:17:44","modified_gmt":"2026-01-20T11:17:44","slug":"projecto-de-expansao-de-distribuicao-de-agua-vai-beneficiar-mais-de-100-mil-habitantes-no-uige","status":"publish","type":"post","link":"https:\/\/www.radiomais.ao\/index.php\/2026\/01\/20\/projecto-de-expansao-de-distribuicao-de-agua-vai-beneficiar-mais-de-100-mil-habitantes-no-uige\/","title":{"rendered":"Projecto de expans\u00e3o de distribui\u00e7\u00e3o de \u00e1gua vai beneficiar mais de 100 mil habitantes no U\u00edge."},"content":{"rendered":"\n<p>\u200eO Minist\u00e9rio da Energia e \u00c1guas est\u00e1 a levar a cabo, desde Janeiro de 2025, um projecto estruturante de expans\u00e3o da rede de distribui\u00e7\u00e3o de \u00e1gua pot\u00e1vel, que vai beneficiar directamente mais de 100 mil cidad\u00e3os da prov\u00edncia do U\u00edge.<br>\u200e<br>\u200eCom um per\u00edodo de dura\u00e7\u00e3o previsto de dois anos, o projecto, enquadrado no \u00e2mbito da pol\u00edtica nacional de refor\u00e7o dos servi\u00e7os b\u00e1sicos e da promo\u00e7\u00e3o do bem-estar das popula\u00e7\u00f5es, contempla a constru\u00e7\u00e3o de cerca de 100 quil\u00f3metros de rede de distribui\u00e7\u00e3o, bem como a realiza\u00e7\u00e3o de mais de 15 mil liga\u00e7\u00f5es domicili\u00e1rias.<br>\u200e<br>\u200eDe acordo com um comunicado daquele minist\u00e9rio, as interven\u00e7\u00f5es ir\u00e3o abranger os bairros Ana Candande 1, Ana Candande 2, Ana Candande 3, Gai, Bem-Vindo, Damba, Quigima, Cassangano, Tange, Quindenuco, Mbemba Ngangu, Kituma B, 6 Cia e Kituma C. Ler mais em <strong><em><a href=\"https:\/\/www.opais.ao\/ultimas_hora\/projecto-de-expansao-de-distribuicao-de-agua-vai-beneficiar-mais-de-100-mil-habitantes-no-uige\/\">Opa\u00eds.<\/a><\/em><\/strong><\/p>\n","protected":false},"excerpt":{"rendered":"<p>\u200eO Minist\u00e9rio da Energia e \u00c1guas est\u00e1 a levar a cabo, desde Janeiro de 2025, um projecto estruturante de expans\u00e3o da rede de distribui\u00e7\u00e3o de \u00e1gua pot\u00e1vel, que vai beneficiar directamente mais de 100 mil cidad\u00e3os da prov\u00edncia do U\u00edge.\u200e\u200eCom um per\u00edodo de dura\u00e7\u00e3o previsto de dois anos, o projecto, enquadrado no \u00e2mbito da pol\u00edtica [&hellip;]<\/p>\n","protected":false},"author":3,"featured_media":4219,"comment_status":"open","ping_status":"open","sticky":false,"template":"","format":"standard","meta":{"footnotes":""},"categories":[16],"tags":[1726],"class_list":["post-4214","post","type-post","status-publish","format-standard","has-post-thumbnail","hentry","category-actualidade","tag-distribuicao-de-agua"],"blocksy_meta":[],"_links":{"self":[{"href":"https:\/\/www.radiomais.ao\/index.php\/wp-json\/wp\/v2\/posts\/4214","targetHints":{"allow":["GET"]}}],"collection":[{"href":"https:\/\/www.radiomais.ao\/index.php\/wp-json\/wp\/v2\/posts"}],"about":[{"href":"https:\/\/www.radiomais.ao\/index.php\/wp-json\/wp\/v2\/types\/post"}],"author":[{"embeddable":true,"href":"https:\/\/www.radiomais.ao\/index.php\/wp-json\/wp\/v2\/users\/3"}],"replies":[{"embeddable":true,"href":"https:\/\/www.radiomais.ao\/index.php\/wp-json\/wp\/v2\/comments?post=4214"}],"version-history":[{"count":1,"href":"https:\/\/www.radiomais.ao\/index.php\/wp-json\/wp\/v2\/posts\/4214\/revisions"}],"predecessor-version":[{"id":4220,"href":"https:\/\/www.radiomais.ao\/index.php\/wp-json\/wp\/v2\/posts\/4214\/revisions\/4220"}],"wp:featuredmedia":[{"embeddable":true,"href":"https:\/\/www.radiomais.ao\/index.php\/wp-json\/wp\/v2\/media\/4219"}],"wp:attachment":[{"href":"https:\/\/www.radiomais.ao\/index.php\/wp-json\/wp\/v2\/media?parent=4214"}],"wp:term":[{"taxonomy":"category","embeddable":true,"href":"https:\/\/www.radiomais.ao\/index.php\/wp-json\/wp\/v2\/categories?post=4214"},{"taxonomy":"post_tag","embeddable":true,"href":"https:\/\/www.radiomais.ao\/index.php\/wp-json\/wp\/v2\/tags?post=4214"}],"curies":[{"name":"wp","href":"https:\/\/api.w.org\/{rel}","templated":true}]}}