{"id":4224,"date":"2026-01-20T13:45:25","date_gmt":"2026-01-20T12:45:25","guid":{"rendered":"https:\/\/www.radiomais.ao\/?p=4224"},"modified":"2026-01-20T13:45:25","modified_gmt":"2026-01-20T12:45:25","slug":"joao-lourenco-apresenta-condolencias-ao-rei-felipe-vi-apos-tragedia-ferroviaria-em-espanha","status":"publish","type":"post","link":"https:\/\/www.radiomais.ao\/index.php\/2026\/01\/20\/joao-lourenco-apresenta-condolencias-ao-rei-felipe-vi-apos-tragedia-ferroviaria-em-espanha\/","title":{"rendered":"Jo\u00e3o Louren\u00e7o apresenta condol\u00eancias ao Rei Felipe VI ap\u00f3s trag\u00e9dia ferrovi\u00e1ria em Espanha."},"content":{"rendered":"\n<p>O Presidente da Rep\u00fablica, Jo\u00e3o Louren\u00e7o, apresentou profundas condol\u00eancias \u00e0 Sua Majestade o Rei Felipe VI de Espanha, na sequ\u00eancia do tr\u00e1gico acidente ferrovi\u00e1rio ocorrido no passado Domingo, que resultou na morte de 40 pessoas e deixou v\u00e1rias outras feridas.<\/p>\n\n\n\n<p>A trag\u00e9dia, provocada pela colis\u00e3o de dois comboios de alta velocidade, mergulhou a na\u00e7\u00e3o espanhola em luto, mobilizando manifesta\u00e7\u00f5es de solidariedade por parte de diversos l\u00edderes mundiais.<\/p>\n\n\n\n<p>Numa mensagem endere\u00e7ada ao soberano espanhol, o Chefe de Estado angolano expressou consterna\u00e7\u00e3o perante a dimens\u00e3o da trag\u00e9dia e estendeu os seus sentimentos de pesar \u00e0s fam\u00edlias das v\u00edtimas, manifestando solidariedade ao povo e ao Governo de Espanha neste momento de dor.<\/p>\n","protected":false},"excerpt":{"rendered":"<p>O Presidente da Rep\u00fablica, Jo\u00e3o Louren\u00e7o, apresentou profundas condol\u00eancias \u00e0 Sua Majestade o Rei Felipe VI de Espanha, na sequ\u00eancia do tr\u00e1gico acidente ferrovi\u00e1rio ocorrido no passado Domingo, que resultou na morte de 40 pessoas e deixou v\u00e1rias outras feridas. A trag\u00e9dia, provocada pela colis\u00e3o de dois comboios de alta velocidade, mergulhou a na\u00e7\u00e3o espanhola [&hellip;]<\/p>\n","protected":false},"author":3,"featured_media":4225,"comment_status":"open","ping_status":"open","sticky":false,"template":"","format":"standard","meta":{"footnotes":""},"categories":[16],"tags":[1728,1727,1729],"class_list":["post-4224","post","type-post","status-publish","format-standard","has-post-thumbnail","hentry","category-actualidade","tag-condolencias","tag-joao-lourenco-2","tag-tragedia-ewspanha"],"blocksy_meta":[],"_links":{"self":[{"href":"https:\/\/www.radiomais.ao\/index.php\/wp-json\/wp\/v2\/posts\/4224","targetHints":{"allow":["GET"]}}],"collection":[{"href":"https:\/\/www.radiomais.ao\/index.php\/wp-json\/wp\/v2\/posts"}],"about":[{"href":"https:\/\/www.radiomais.ao\/index.php\/wp-json\/wp\/v2\/types\/post"}],"author":[{"embeddable":true,"href":"https:\/\/www.radiomais.ao\/index.php\/wp-json\/wp\/v2\/users\/3"}],"replies":[{"embeddable":true,"href":"https:\/\/www.radiomais.ao\/index.php\/wp-json\/wp\/v2\/comments?post=4224"}],"version-history":[{"count":1,"href":"https:\/\/www.radiomais.ao\/index.php\/wp-json\/wp\/v2\/posts\/4224\/revisions"}],"predecessor-version":[{"id":4226,"href":"https:\/\/www.radiomais.ao\/index.php\/wp-json\/wp\/v2\/posts\/4224\/revisions\/4226"}],"wp:featuredmedia":[{"embeddable":true,"href":"https:\/\/www.radiomais.ao\/index.php\/wp-json\/wp\/v2\/media\/4225"}],"wp:attachment":[{"href":"https:\/\/www.radiomais.ao\/index.php\/wp-json\/wp\/v2\/media?parent=4224"}],"wp:term":[{"taxonomy":"category","embeddable":true,"href":"https:\/\/www.radiomais.ao\/index.php\/wp-json\/wp\/v2\/categories?post=4224"},{"taxonomy":"post_tag","embeddable":true,"href":"https:\/\/www.radiomais.ao\/index.php\/wp-json\/wp\/v2\/tags?post=4224"}],"curies":[{"name":"wp","href":"https:\/\/api.w.org\/{rel}","templated":true}]}}