{"id":4227,"date":"2026-01-20T13:49:23","date_gmt":"2026-01-20T12:49:23","guid":{"rendered":"https:\/\/www.radiomais.ao\/?p=4227"},"modified":"2026-01-20T13:49:23","modified_gmt":"2026-01-20T12:49:23","slug":"mais-de-140-criancas-nascem-livres-do-hiv-em-benguela-em-2025","status":"publish","type":"post","link":"https:\/\/www.radiomais.ao\/index.php\/2026\/01\/20\/mais-de-140-criancas-nascem-livres-do-hiv-em-benguela-em-2025\/","title":{"rendered":"Mais de 140 crian\u00e7as nascem livres do HIV em Benguela em 2025."},"content":{"rendered":"\n<p><strong>Cento e 44 crian\u00e7as geradas por m\u00e3es com VIH nasceram livres da doen\u00e7a na prov\u00edncia de Benguela, em 2025, no \u00e2mbito de um projecto comunit\u00e1rio da Cruz Vermelha de Angola (CVA) focado na preven\u00e7\u00e3o da transmiss\u00e3o vertical m\u00e3e-filho, soube a ANGOP<\/strong>.<\/p>\n\n\n\n<p>A informa\u00e7\u00e3o foi avan\u00e7ada, nesta Segunda-feira, pela representante da CVA em Benguela, Z\u00e9lia Cassilda Ant\u00f3nio, informando que, no per\u00edodo em refer\u00eancia, a institui\u00e7\u00e3o sensibilizou 24 mil e 814 gestantes, das quais 140 testaram positivo para a doen\u00e7a e est\u00e3o em tratamento.<\/p>\n\n\n\n<p>Z\u00e9lia Cassilda Ant\u00f3nio ainda referiu que a Cruz Vermelha de Angola est\u00e1 a fazer o acompanhamento comunit\u00e1rio da situa\u00e7\u00e3o de outras 42 crian\u00e7as seropositivas, com idades entre os dois e 14 anos. Relativamente aos medicamentos, explicou que os antirretrovirais s\u00e3o gratuitos e fornecidos pelas unidades sanit\u00e1rias, gra\u00e7as \u00e0 forte parceria existente entre a Cruz Vermelha, os agentes comunit\u00e1rios, os t\u00e9cnicos sanit\u00e1rios e o Minist\u00e9rio da Sa\u00fade.<\/p>\n\n\n\n<p>No entanto, reconheceu a exist\u00eancia de v\u00e1rios desafios, com destaque para a resist\u00eancia de gestantes em aceitar o diagn\u00f3stico e aderir ao tratamento, sobretudo quando fazem o teste pela primeira vez.<\/p>\n\n\n\n<p>Outro constrangimento, disse, prende-se com a recusa de muitos parceiros em realizar a testagem, o que dificulta a quebra da cadeia de transmiss\u00e3o vertical m\u00e3e-filho, al\u00e9m do abandono do tratamento e fornecimento de endere\u00e7os falsos. Ler mais em <strong><em><a href=\"https:\/\/www.opais.ao\/sociedade\/mais-de-140-criancas-nascem-livres-do-hiv-em-benguela-em-2025\/\">Opa\u00eds<\/a><\/em><\/strong><\/p>\n","protected":false},"excerpt":{"rendered":"<p>Cento e 44 crian\u00e7as geradas por m\u00e3es com VIH nasceram livres da doen\u00e7a na prov\u00edncia de Benguela, em 2025, no \u00e2mbito de um projecto comunit\u00e1rio da Cruz Vermelha de Angola (CVA) focado na preven\u00e7\u00e3o da transmiss\u00e3o vertical m\u00e3e-filho, soube a ANGOP. A informa\u00e7\u00e3o foi avan\u00e7ada, nesta Segunda-feira, pela representante da CVA em Benguela, Z\u00e9lia Cassilda [&hellip;]<\/p>\n","protected":false},"author":3,"featured_media":4228,"comment_status":"open","ping_status":"open","sticky":false,"template":"","format":"standard","meta":{"footnotes":""},"categories":[16],"tags":[1730,95,227],"class_list":["post-4227","post","type-post","status-publish","format-standard","has-post-thumbnail","hentry","category-actualidade","tag-140-criancas","tag-benguela","tag-hiv"],"blocksy_meta":[],"_links":{"self":[{"href":"https:\/\/www.radiomais.ao\/index.php\/wp-json\/wp\/v2\/posts\/4227","targetHints":{"allow":["GET"]}}],"collection":[{"href":"https:\/\/www.radiomais.ao\/index.php\/wp-json\/wp\/v2\/posts"}],"about":[{"href":"https:\/\/www.radiomais.ao\/index.php\/wp-json\/wp\/v2\/types\/post"}],"author":[{"embeddable":true,"href":"https:\/\/www.radiomais.ao\/index.php\/wp-json\/wp\/v2\/users\/3"}],"replies":[{"embeddable":true,"href":"https:\/\/www.radiomais.ao\/index.php\/wp-json\/wp\/v2\/comments?post=4227"}],"version-history":[{"count":1,"href":"https:\/\/www.radiomais.ao\/index.php\/wp-json\/wp\/v2\/posts\/4227\/revisions"}],"predecessor-version":[{"id":4229,"href":"https:\/\/www.radiomais.ao\/index.php\/wp-json\/wp\/v2\/posts\/4227\/revisions\/4229"}],"wp:featuredmedia":[{"embeddable":true,"href":"https:\/\/www.radiomais.ao\/index.php\/wp-json\/wp\/v2\/media\/4228"}],"wp:attachment":[{"href":"https:\/\/www.radiomais.ao\/index.php\/wp-json\/wp\/v2\/media?parent=4227"}],"wp:term":[{"taxonomy":"category","embeddable":true,"href":"https:\/\/www.radiomais.ao\/index.php\/wp-json\/wp\/v2\/categories?post=4227"},{"taxonomy":"post_tag","embeddable":true,"href":"https:\/\/www.radiomais.ao\/index.php\/wp-json\/wp\/v2\/tags?post=4227"}],"curies":[{"name":"wp","href":"https:\/\/api.w.org\/{rel}","templated":true}]}}