{"id":4230,"date":"2026-01-20T13:53:24","date_gmt":"2026-01-20T12:53:24","guid":{"rendered":"https:\/\/www.radiomais.ao\/?p=4230"},"modified":"2026-01-20T13:53:24","modified_gmt":"2026-01-20T12:53:24","slug":"concerto-de-musica-gospel-anima-baia-de-luanda-nos-450-anos-da-cidade","status":"publish","type":"post","link":"https:\/\/www.radiomais.ao\/index.php\/2026\/01\/20\/concerto-de-musica-gospel-anima-baia-de-luanda-nos-450-anos-da-cidade\/","title":{"rendered":"Concerto de m\u00fasica gospel anima Ba\u00eda de Luanda nos 450 anos da cidade."},"content":{"rendered":"\n<p>A Ba\u00eda de Luanda voltou a ser palco de f\u00e9, louvor e exalta\u00e7\u00e3o espiritual durante o show gospel realizado no domingo, 18,no \u00e2mbito das comemora\u00e7\u00f5es dos 450 anos da Cidade de Luanda.<\/p>\n\n\n\n<p>O evento reuniu fi\u00e9is, fam\u00edlias e amantes da m\u00fasica crist\u00e3, refor\u00e7ando a dimens\u00e3o espiritual das celebra\u00e7\u00f5es do anivers\u00e1rio da capital angolana. O programa foi preenchido com momentos de ora\u00e7\u00e3o e prega\u00e7\u00e3o, que destacaram a import\u00e2ncia da f\u00e9, da unidade e da gratid\u00e3o a Deus pela hist\u00f3ria de Luanda, sendo abrilhantado por reconhecidos artistas da m\u00fasica gospel, como o evangelista Kapacata, Lioth Cassoma, Mam\u00e3 Henriqueta, Irm\u00e3 Katila, Elyon Jussara Muhongo, entre outros, que conduziram o p\u00fablico a momentos de intensa adora\u00e7\u00e3o, louvor e comunh\u00e3o espiritual.<\/p>\n\n\n\n<p>O evento foi prestigiado pela administradora municipal da Ingombota, Milca Caquesse, e pelo presb\u00edtero provincial da Assembleia de Deus Pentecostal, reverendo Neves de Sousa, que, na ocasi\u00e3o, enalteceram o papel da m\u00fasica gospel na promo\u00e7\u00e3o de valores crist\u00e3os, da harmonia social e do fortalecimento espiritual da comunidade. Ler mais em <strong><em><a href=\"https:\/\/www.opais.ao\/cultura\/concerto-de-musica-gospel-anima-baia-de-luanda-nos-450-anos-da-cidade\/\">Opa\u00eds<\/a><\/em><\/strong><\/p>\n","protected":false},"excerpt":{"rendered":"<p>A Ba\u00eda de Luanda voltou a ser palco de f\u00e9, louvor e exalta\u00e7\u00e3o espiritual durante o show gospel realizado no domingo, 18,no \u00e2mbito das comemora\u00e7\u00f5es dos 450 anos da Cidade de Luanda. O evento reuniu fi\u00e9is, fam\u00edlias e amantes da m\u00fasica crist\u00e3, refor\u00e7ando a dimens\u00e3o espiritual das celebra\u00e7\u00f5es do anivers\u00e1rio da capital angolana. O programa [&hellip;]<\/p>\n","protected":false},"author":3,"featured_media":4231,"comment_status":"open","ping_status":"open","sticky":false,"template":"","format":"standard","meta":{"footnotes":""},"categories":[16],"tags":[1732,1731],"class_list":["post-4230","post","type-post","status-publish","format-standard","has-post-thumbnail","hentry","category-actualidade","tag-baia-de-luanda","tag-concerto-de-musica-gospel"],"blocksy_meta":[],"_links":{"self":[{"href":"https:\/\/www.radiomais.ao\/index.php\/wp-json\/wp\/v2\/posts\/4230","targetHints":{"allow":["GET"]}}],"collection":[{"href":"https:\/\/www.radiomais.ao\/index.php\/wp-json\/wp\/v2\/posts"}],"about":[{"href":"https:\/\/www.radiomais.ao\/index.php\/wp-json\/wp\/v2\/types\/post"}],"author":[{"embeddable":true,"href":"https:\/\/www.radiomais.ao\/index.php\/wp-json\/wp\/v2\/users\/3"}],"replies":[{"embeddable":true,"href":"https:\/\/www.radiomais.ao\/index.php\/wp-json\/wp\/v2\/comments?post=4230"}],"version-history":[{"count":1,"href":"https:\/\/www.radiomais.ao\/index.php\/wp-json\/wp\/v2\/posts\/4230\/revisions"}],"predecessor-version":[{"id":4232,"href":"https:\/\/www.radiomais.ao\/index.php\/wp-json\/wp\/v2\/posts\/4230\/revisions\/4232"}],"wp:featuredmedia":[{"embeddable":true,"href":"https:\/\/www.radiomais.ao\/index.php\/wp-json\/wp\/v2\/media\/4231"}],"wp:attachment":[{"href":"https:\/\/www.radiomais.ao\/index.php\/wp-json\/wp\/v2\/media?parent=4230"}],"wp:term":[{"taxonomy":"category","embeddable":true,"href":"https:\/\/www.radiomais.ao\/index.php\/wp-json\/wp\/v2\/categories?post=4230"},{"taxonomy":"post_tag","embeddable":true,"href":"https:\/\/www.radiomais.ao\/index.php\/wp-json\/wp\/v2\/tags?post=4230"}],"curies":[{"name":"wp","href":"https:\/\/api.w.org\/{rel}","templated":true}]}}