{"id":4234,"date":"2026-01-20T14:09:38","date_gmt":"2026-01-20T13:09:38","guid":{"rendered":"https:\/\/www.radiomais.ao\/?p=4234"},"modified":"2026-01-20T14:09:38","modified_gmt":"2026-01-20T13:09:38","slug":"mercado-angolano-ganha-nova-fabrica-de-montagem-e-comercializacao-de-automoveis","status":"publish","type":"post","link":"https:\/\/www.radiomais.ao\/index.php\/2026\/01\/20\/mercado-angolano-ganha-nova-fabrica-de-montagem-e-comercializacao-de-automoveis\/","title":{"rendered":"Mercado Angolano ganha nova f\u00e1brica de montagem e comercializa\u00e7\u00e3o de autom\u00f3veis"},"content":{"rendered":"\n<p>J\u00e1 est\u00e1 inaugurado o complexo industrial de montagem de ve\u00edculo, na prov\u00edncia do Icolo e Bengo, pelo ministro de estado para a coordena\u00e7\u00e3o econ\u00f3mica, Jos\u00e9 de Lima Massama. &nbsp;<\/p>\n\n\n\n<p>A f\u00e1brica ter\u00e1 capacidade para montagem de 1.000 autocarros e 22 mil viaturas ligeiras por ano e gerou mais 1500 empregos diretos.<\/p>\n\n\n\n<p>O projecto pertencente ao grupo Opaia &nbsp;Motors, est\u00e1 alinhado com as orienta\u00e7\u00f5es estrat\u00e9gicas do Executivo no fomento de desenvolvimento de novas Ind\u00fastrias na Zona Econ\u00f3mica Especial, e tem como objectivo de refor\u00e7ar o compromisso com a industrializa\u00e7\u00e3o e o desenvolvimento econ\u00f3mico de Angola.<\/p>\n\n\n\n<p>Numa primeira fase, a Unidade Fabril, vai dedicar-se a comercializa\u00e7\u00e3o e assist\u00eancia t\u00e9cnica p\u00f3s-venda de ve\u00edculos.<\/p>\n\n\n<div \n    class=\"align wp-block-scb-sound-cloud\"    id=\"scbSoundCloud-1\"\n    data-attributes='{&quot;cId&quot;:&quot;4be55454-0&quot;,&quot;tracks&quot;:[{&quot;url&quot;:&quot;https:\\\/\\\/soundcloud.com\\\/radio-mais-luanda\\\/ja-esta-inaugurado-o-complexo-industrial-de-montagem-de-veiculos?si=1c88ce25e4a7412f831ae315927c72a0&amp;utm_source=clipboard&amp;utm_medium=text&amp;utm_campaign=social_sharing&quot;,&quot;startTrack&quot;:0}],&quot;alignment&quot;:&quot;center&quot;,&quot;align&quot;:&quot;&quot;,&quot;options&quot;:{&quot;isAutoPlay&quot;:true,&quot;color&quot;:&quot;#f50&quot;,&quot;isBuying&quot;:true,&quot;isSharing&quot;:true,&quot;isDownload&quot;:true,&quot;isArtWork&quot;:true,&quot;isPlayCount&quot;:true,&quot;isUser&quot;:true,&quot;isSingleActive&quot;:true,&quot;isComments&quot;:true,&quot;isVisual&quot;:false,&quot;isTeaser&quot;:false,&quot;isHideRelated&quot;:false},&quot;iframeStyle&quot;:{&quot;width&quot;:&quot;100%&quot;,&quot;height&quot;:&quot;170px&quot;},&quot;frameBorder&quot;:{&quot;color&quot;:&quot;#000&quot;,&quot;style&quot;:&quot;solid&quot;,&quot;width&quot;:&quot;1px&quot;},&quot;frameBRadius&quot;:{&quot;top&quot;:&quot;3px&quot;,&quot;bottom&quot;:&quot;3px&quot;,&quot;left&quot;:&quot;3px&quot;,&quot;right&quot;:&quot;3px&quot;},&quot;frameBoxShadow&quot;:[]}'>\n<\/div>\n\n \n      ","protected":false},"excerpt":{"rendered":"<p>J\u00e1 est\u00e1 inaugurado o complexo industrial de montagem de ve\u00edculo, na prov\u00edncia do Icolo e Bengo, pelo ministro de estado para a coordena\u00e7\u00e3o econ\u00f3mica, Jos\u00e9 de Lima Massama. &nbsp; A f\u00e1brica ter\u00e1 capacidade para montagem de 1.000 autocarros e 22 mil viaturas ligeiras por ano e gerou mais 1500 empregos diretos. O projecto pertencente ao [&hellip;]<\/p>\n","protected":false},"author":3,"featured_media":4235,"comment_status":"open","ping_status":"open","sticky":false,"template":"","format":"standard","meta":{"footnotes":""},"categories":[16],"tags":[1733,191],"class_list":["post-4234","post","type-post","status-publish","format-standard","has-post-thumbnail","hentry","category-actualidade","tag-fabrica-montagem-de-viaturas","tag-icolo-e-bengo"],"blocksy_meta":[],"_links":{"self":[{"href":"https:\/\/www.radiomais.ao\/index.php\/wp-json\/wp\/v2\/posts\/4234","targetHints":{"allow":["GET"]}}],"collection":[{"href":"https:\/\/www.radiomais.ao\/index.php\/wp-json\/wp\/v2\/posts"}],"about":[{"href":"https:\/\/www.radiomais.ao\/index.php\/wp-json\/wp\/v2\/types\/post"}],"author":[{"embeddable":true,"href":"https:\/\/www.radiomais.ao\/index.php\/wp-json\/wp\/v2\/users\/3"}],"replies":[{"embeddable":true,"href":"https:\/\/www.radiomais.ao\/index.php\/wp-json\/wp\/v2\/comments?post=4234"}],"version-history":[{"count":1,"href":"https:\/\/www.radiomais.ao\/index.php\/wp-json\/wp\/v2\/posts\/4234\/revisions"}],"predecessor-version":[{"id":4236,"href":"https:\/\/www.radiomais.ao\/index.php\/wp-json\/wp\/v2\/posts\/4234\/revisions\/4236"}],"wp:featuredmedia":[{"embeddable":true,"href":"https:\/\/www.radiomais.ao\/index.php\/wp-json\/wp\/v2\/media\/4235"}],"wp:attachment":[{"href":"https:\/\/www.radiomais.ao\/index.php\/wp-json\/wp\/v2\/media?parent=4234"}],"wp:term":[{"taxonomy":"category","embeddable":true,"href":"https:\/\/www.radiomais.ao\/index.php\/wp-json\/wp\/v2\/categories?post=4234"},{"taxonomy":"post_tag","embeddable":true,"href":"https:\/\/www.radiomais.ao\/index.php\/wp-json\/wp\/v2\/tags?post=4234"}],"curies":[{"name":"wp","href":"https:\/\/api.w.org\/{rel}","templated":true}]}}