{"id":4237,"date":"2026-01-21T08:38:45","date_gmt":"2026-01-21T07:38:45","guid":{"rendered":"https:\/\/www.radiomais.ao\/?p=4237"},"modified":"2026-01-21T08:38:45","modified_gmt":"2026-01-21T07:38:45","slug":"angola-reforca-aposta-na-industrializacao-com-entrada-em-funcionamento-da-nova-unidade-de-fabricacao-de-automoveis","status":"publish","type":"post","link":"https:\/\/www.radiomais.ao\/index.php\/2026\/01\/21\/angola-reforca-aposta-na-industrializacao-com-entrada-em-funcionamento-da-nova-unidade-de-fabricacao-de-automoveis\/","title":{"rendered":"Angola refor\u00e7a aposta na industrializa\u00e7\u00e3o com entrada em funcionamento da nova unidade de fabrica\u00e7\u00e3o de autom\u00f3veis."},"content":{"rendered":"\n<p><strong>O ministro de Estado para a Coordena\u00e7\u00e3o Econ\u00f3mica, Jos\u00e9 de Lima Massano, afirmou ontem que a inaugura\u00e7\u00e3o da nova unidade de montagem autom\u00f3vel representa um passo estruturante no processo de industrializa\u00e7\u00e3o da economia angolana, ao combinar investimento privado, cria\u00e7\u00e3o massiva de emprego, incorpora\u00e7\u00e3o local e pol\u00edticas p\u00fablicas orientadas para a sustentabilidade econ\u00f3mica de m\u00e9dio e longo prazo<\/strong>.<\/p>\n\n\n\n<p>Segundo o ministro, que falava \u00e0 imprensa, ap\u00f3s inaugurar a infraestrutura, a cerim\u00f3nia evidencia o trabalho positivo que o pa\u00eds vem desevolvendo no crescimento econ\u00f3mico, na investiga\u00e7\u00e3o, na industrializa\u00e7\u00e3o e na moderniza\u00e7\u00e3o do tecido produtivo nacional.<\/p>\n\n\n\n<p>O governante acrescentou que o investimento, agora inaugurado, traduz a confian\u00e7a crescente dos investidores, sobretudo nacionais, na economia angolana. \u201cTemos hoje uma economia mais forte, mais integrada e mais moderna, e isso reflete-se na confian\u00e7a que os investidores sitam no nosso pa\u00eds\u201d, afirmou.<\/p>\n\n\n\n<p>Jos\u00e9 de Lima Massano sublinhou que, ao contr\u00e1rio de experi\u00eancias anteriores, no sector autom\u00f3vel, este projecto apre- senta uma base estrutural mais s\u00f3lida, sustentada por parcerias tecnol\u00f3gicas de refer\u00eancia e por uma estrat\u00e9gia clara de desen- volvimento de compet\u00eancias nacionais. Ler mais em <strong><em><a href=\"https:\/\/www.opais.ao\/economia\/angola-reforca-aposta-na-industrializacao-com-entrada-em-funcionamento-da-nova-unidade-de-fabricacao-de-automoveis\/\">Opa\u00eds<\/a><\/em><\/strong><\/p>\n\n\n\n<p><\/p>\n","protected":false},"excerpt":{"rendered":"<p>O ministro de Estado para a Coordena\u00e7\u00e3o Econ\u00f3mica, Jos\u00e9 de Lima Massano, afirmou ontem que a inaugura\u00e7\u00e3o da nova unidade de montagem autom\u00f3vel representa um passo estruturante no processo de industrializa\u00e7\u00e3o da economia angolana, ao combinar investimento privado, cria\u00e7\u00e3o massiva de emprego, incorpora\u00e7\u00e3o local e pol\u00edticas p\u00fablicas orientadas para a sustentabilidade econ\u00f3mica de m\u00e9dio e [&hellip;]<\/p>\n","protected":false},"author":3,"featured_media":4238,"comment_status":"open","ping_status":"open","sticky":false,"template":"","format":"standard","meta":{"footnotes":""},"categories":[1],"tags":[22,1734],"class_list":["post-4237","post","type-post","status-publish","format-standard","has-post-thumbnail","hentry","category-uncategorized","tag-destaque","tag-fabrica-de-automoveis"],"blocksy_meta":[],"_links":{"self":[{"href":"https:\/\/www.radiomais.ao\/index.php\/wp-json\/wp\/v2\/posts\/4237","targetHints":{"allow":["GET"]}}],"collection":[{"href":"https:\/\/www.radiomais.ao\/index.php\/wp-json\/wp\/v2\/posts"}],"about":[{"href":"https:\/\/www.radiomais.ao\/index.php\/wp-json\/wp\/v2\/types\/post"}],"author":[{"embeddable":true,"href":"https:\/\/www.radiomais.ao\/index.php\/wp-json\/wp\/v2\/users\/3"}],"replies":[{"embeddable":true,"href":"https:\/\/www.radiomais.ao\/index.php\/wp-json\/wp\/v2\/comments?post=4237"}],"version-history":[{"count":1,"href":"https:\/\/www.radiomais.ao\/index.php\/wp-json\/wp\/v2\/posts\/4237\/revisions"}],"predecessor-version":[{"id":4239,"href":"https:\/\/www.radiomais.ao\/index.php\/wp-json\/wp\/v2\/posts\/4237\/revisions\/4239"}],"wp:featuredmedia":[{"embeddable":true,"href":"https:\/\/www.radiomais.ao\/index.php\/wp-json\/wp\/v2\/media\/4238"}],"wp:attachment":[{"href":"https:\/\/www.radiomais.ao\/index.php\/wp-json\/wp\/v2\/media?parent=4237"}],"wp:term":[{"taxonomy":"category","embeddable":true,"href":"https:\/\/www.radiomais.ao\/index.php\/wp-json\/wp\/v2\/categories?post=4237"},{"taxonomy":"post_tag","embeddable":true,"href":"https:\/\/www.radiomais.ao\/index.php\/wp-json\/wp\/v2\/tags?post=4237"}],"curies":[{"name":"wp","href":"https:\/\/api.w.org\/{rel}","templated":true}]}}