{"id":4240,"date":"2026-01-21T08:42:42","date_gmt":"2026-01-21T07:42:42","guid":{"rendered":"https:\/\/www.radiomais.ao\/?p=4240"},"modified":"2026-01-21T08:42:42","modified_gmt":"2026-01-21T07:42:42","slug":"presidente-da-republica-envia-mensagem-de-condolencias-ao-homologo-de-mocambique-e-ao-rei-de-espanha","status":"publish","type":"post","link":"https:\/\/www.radiomais.ao\/index.php\/2026\/01\/21\/presidente-da-republica-envia-mensagem-de-condolencias-ao-homologo-de-mocambique-e-ao-rei-de-espanha\/","title":{"rendered":"Presidente da Rep\u00fablica envia mensagem de condol\u00eancias ao hom\u00f3logo de Mo\u00e7ambique e ao Rei de Espanha."},"content":{"rendered":"\n<p><strong>A calamidade natural que afecta Mo\u00e7ambique e o incidente que envolveu dois comboios em Espanha ceifaram v\u00e1rias vidas humanas e, por essa raz\u00e3o, o Presidente da Rep\u00fablica de Angola, Jo\u00e3o Louren\u00e7o, enviou mensagens de condol\u00eancias ao hom\u00f3logo Daniel Francisco Chapo e ao Rei Felipe VI<\/strong>.<\/p>\n\n\n\n<p>Jo\u00e3o Louren\u00e7o manifestou preocupa\u00e7\u00e3o pelos problemas decorrentes das intemp\u00e9ries que v\u00eam ocorrendo em Mo\u00e7ambique, com consequ\u00eancias graves em termos de perdas de vidas humanas e preju\u00edzos materiais. O posicionamento do Chefe de Estado consta de uma mensagem ao seu hom\u00f3logo mo\u00e7ambicano, Daniel rancisco Chapo, endere\u00e7ada hoje.<\/p>\n\n\n\n<p>Jo\u00e3o Louren\u00e7o exprime sentimentos de pesar \u00e0s fam\u00edlias enlutadas em resultado da calamidade natural que assola Mo\u00e7ambique.<\/p>\n\n\n\n<p>O Presidente da Rep\u00fablica diz, no entanto, que tem confian\u00e7a de que, gra\u00e7as ao esp\u00edrito de resili\u00eancia que caracteriza o povo m\u00e7ambicano, vai ser poss\u00edvel \u201cseguramente ultrapassar este momento de adversidade, avan\u00e7ando com determina\u00e7\u00e3o no processo de recupera\u00e7\u00e3o e reconstru\u00e7\u00e3o das \u00e1reas e localidades afectadas\u201d. Ler mais em <strong><em><a href=\"https:\/\/www.opais.ao\/politica\/presidente-da-republica-envia-mensagem-de-condolencias-ao-homologo-de-mocambique-e-ao-rei-de-espanha\/\">Opa\u00eds<\/a><\/em><\/strong><\/p>\n","protected":false},"excerpt":{"rendered":"<p>A calamidade natural que afecta Mo\u00e7ambique e o incidente que envolveu dois comboios em Espanha ceifaram v\u00e1rias vidas humanas e, por essa raz\u00e3o, o Presidente da Rep\u00fablica de Angola, Jo\u00e3o Louren\u00e7o, enviou mensagens de condol\u00eancias ao hom\u00f3logo Daniel Francisco Chapo e ao Rei Felipe VI. Jo\u00e3o Louren\u00e7o manifestou preocupa\u00e7\u00e3o pelos problemas decorrentes das intemp\u00e9ries que [&hellip;]<\/p>\n","protected":false},"author":3,"featured_media":3852,"comment_status":"open","ping_status":"open","sticky":false,"template":"","format":"standard","meta":{"footnotes":""},"categories":[16],"tags":[1735,1737,1736],"class_list":["post-4240","post","type-post","status-publish","format-standard","has-post-thumbnail","hentry","category-actualidade","tag-condolencias-2","tag-mocambique","tag-rei-da-espanha"],"blocksy_meta":[],"_links":{"self":[{"href":"https:\/\/www.radiomais.ao\/index.php\/wp-json\/wp\/v2\/posts\/4240","targetHints":{"allow":["GET"]}}],"collection":[{"href":"https:\/\/www.radiomais.ao\/index.php\/wp-json\/wp\/v2\/posts"}],"about":[{"href":"https:\/\/www.radiomais.ao\/index.php\/wp-json\/wp\/v2\/types\/post"}],"author":[{"embeddable":true,"href":"https:\/\/www.radiomais.ao\/index.php\/wp-json\/wp\/v2\/users\/3"}],"replies":[{"embeddable":true,"href":"https:\/\/www.radiomais.ao\/index.php\/wp-json\/wp\/v2\/comments?post=4240"}],"version-history":[{"count":1,"href":"https:\/\/www.radiomais.ao\/index.php\/wp-json\/wp\/v2\/posts\/4240\/revisions"}],"predecessor-version":[{"id":4241,"href":"https:\/\/www.radiomais.ao\/index.php\/wp-json\/wp\/v2\/posts\/4240\/revisions\/4241"}],"wp:featuredmedia":[{"embeddable":true,"href":"https:\/\/www.radiomais.ao\/index.php\/wp-json\/wp\/v2\/media\/3852"}],"wp:attachment":[{"href":"https:\/\/www.radiomais.ao\/index.php\/wp-json\/wp\/v2\/media?parent=4240"}],"wp:term":[{"taxonomy":"category","embeddable":true,"href":"https:\/\/www.radiomais.ao\/index.php\/wp-json\/wp\/v2\/categories?post=4240"},{"taxonomy":"post_tag","embeddable":true,"href":"https:\/\/www.radiomais.ao\/index.php\/wp-json\/wp\/v2\/tags?post=4240"}],"curies":[{"name":"wp","href":"https:\/\/api.w.org\/{rel}","templated":true}]}}