{"id":4242,"date":"2026-01-21T08:57:04","date_gmt":"2026-01-21T07:57:04","guid":{"rendered":"https:\/\/www.radiomais.ao\/?p=4242"},"modified":"2026-01-21T08:57:04","modified_gmt":"2026-01-21T07:57:04","slug":"bp-do-mpla-nao-se-opoe-a-desistencia-voluntaria-de-graciete-sungua-ao-cargo-de-secretaria-geral-da-oma","status":"publish","type":"post","link":"https:\/\/www.radiomais.ao\/index.php\/2026\/01\/21\/bp-do-mpla-nao-se-opoe-a-desistencia-voluntaria-de-graciete-sungua-ao-cargo-de-secretaria-geral-da-oma\/","title":{"rendered":"BP do MPLA n\u00e3o se op\u00f5e \u00e0 desist\u00eancia volunt\u00e1ria de Graciete Sungua ao cargo de secret\u00e1ria-geral da OMA."},"content":{"rendered":"\n<p><strong>O Bureau Pol\u00edtico do MPLA validou, nesta Ter\u00e7a-feira, 20, a retirada volunt\u00e1ria da candidatura de Graciete Dombolo Sungua ao cargo de secret\u00e1ria-geral da Organiza\u00e7\u00e3o da Mulher Angolana (OMA) e confirmou que o processo eleitoral prossegue apenas com a candidatura de Em\u00edlia Carlota Dias, nos termos das bases gerais e regulamento interno da organiza\u00e7\u00e3o<\/strong>.<\/p>\n\n\n\n<p>Adecis\u00e3o foi anunciada pelo secret\u00e1rio para Informa\u00e7\u00e3o e Propaganda do Bureau Pol\u00edtico do MPLA, Esteves Hil\u00e1rio, sendo o comunicado final da primeira reuni\u00e3o extraordin\u00e1ria do \u00f3rg\u00e3o realizada na \u00faltima Segunda-feira, 19, na sede nacional do partido, em Luanda, sob orienta\u00e7\u00e3o do Presidente Jo\u00e3o Louren\u00e7o.<\/p>\n\n\n\n<p>Segundo o comunicado, o Bureau Pol\u00edtico constatou que n\u00e3o existem factores impeditivos para a aceita\u00e7\u00e3o da desist\u00eancia, considerando-a \u201cleg\u00edtima e alinhada com os princ\u00edpios e regras da democracia interna\u201d. Ler mais em<strong><em><a href=\"https:\/\/www.opais.ao\/politica\/bp-do-mpla-nao-se-opoe-a-desistencia-voluntaria-de-graciete-sungua-ao-cargo-de-secretaria-geral-da-oma\/\"> Opa\u00eds.<\/a><\/em><\/strong><\/p>\n","protected":false},"excerpt":{"rendered":"<p>O Bureau Pol\u00edtico do MPLA validou, nesta Ter\u00e7a-feira, 20, a retirada volunt\u00e1ria da candidatura de Graciete Dombolo Sungua ao cargo de secret\u00e1ria-geral da Organiza\u00e7\u00e3o da Mulher Angolana (OMA) e confirmou que o processo eleitoral prossegue apenas com a candidatura de Em\u00edlia Carlota Dias, nos termos das bases gerais e regulamento interno da organiza\u00e7\u00e3o. Adecis\u00e3o foi [&hellip;]<\/p>\n","protected":false},"author":3,"featured_media":4243,"comment_status":"open","ping_status":"open","sticky":false,"template":"","format":"standard","meta":{"footnotes":""},"categories":[16],"tags":[1738,157],"class_list":["post-4242","post","type-post","status-publish","format-standard","has-post-thumbnail","hentry","category-actualidade","tag-bureau-politico","tag-mpla"],"blocksy_meta":[],"_links":{"self":[{"href":"https:\/\/www.radiomais.ao\/index.php\/wp-json\/wp\/v2\/posts\/4242","targetHints":{"allow":["GET"]}}],"collection":[{"href":"https:\/\/www.radiomais.ao\/index.php\/wp-json\/wp\/v2\/posts"}],"about":[{"href":"https:\/\/www.radiomais.ao\/index.php\/wp-json\/wp\/v2\/types\/post"}],"author":[{"embeddable":true,"href":"https:\/\/www.radiomais.ao\/index.php\/wp-json\/wp\/v2\/users\/3"}],"replies":[{"embeddable":true,"href":"https:\/\/www.radiomais.ao\/index.php\/wp-json\/wp\/v2\/comments?post=4242"}],"version-history":[{"count":1,"href":"https:\/\/www.radiomais.ao\/index.php\/wp-json\/wp\/v2\/posts\/4242\/revisions"}],"predecessor-version":[{"id":4244,"href":"https:\/\/www.radiomais.ao\/index.php\/wp-json\/wp\/v2\/posts\/4242\/revisions\/4244"}],"wp:featuredmedia":[{"embeddable":true,"href":"https:\/\/www.radiomais.ao\/index.php\/wp-json\/wp\/v2\/media\/4243"}],"wp:attachment":[{"href":"https:\/\/www.radiomais.ao\/index.php\/wp-json\/wp\/v2\/media?parent=4242"}],"wp:term":[{"taxonomy":"category","embeddable":true,"href":"https:\/\/www.radiomais.ao\/index.php\/wp-json\/wp\/v2\/categories?post=4242"},{"taxonomy":"post_tag","embeddable":true,"href":"https:\/\/www.radiomais.ao\/index.php\/wp-json\/wp\/v2\/tags?post=4242"}],"curies":[{"name":"wp","href":"https:\/\/api.w.org\/{rel}","templated":true}]}}