{"id":4245,"date":"2026-01-21T09:46:04","date_gmt":"2026-01-21T08:46:04","guid":{"rendered":"https:\/\/www.radiomais.ao\/?p=4245"},"modified":"2026-01-21T09:46:04","modified_gmt":"2026-01-21T08:46:04","slug":"porto-do-lobito-inaugura-rota-maritima-directa-africa-asia","status":"publish","type":"post","link":"https:\/\/www.radiomais.ao\/index.php\/2026\/01\/21\/porto-do-lobito-inaugura-rota-maritima-directa-africa-asia\/","title":{"rendered":"Porto do Lobito Inaugura rota mar\u00edtima directa \u00c1frica-\u00c1sia."},"content":{"rendered":"\n<p>O Porto do Lobito deu, esta ter\u00e7a-feira, 20 de Janeiro, um passo estrat\u00e9gico na sua afirma\u00e7\u00e3o como plataforma log\u00edstica regional e internacional, com a atraca\u00e7\u00e3o do navio MSC Caterina, da companhia mar\u00edtima internacional Mediterranean Shipping Company (MSC), no Terminal Polivalente gerido pela AGL \u2013 Lobito Terminal.<\/p>\n\n\n\n<p>A informa\u00e7\u00e3o consta de uma nota de imprensa da institui\u00e7\u00e3o consultada hoje pelo Jornal OPA\u00cdS.<\/p>\n\n\n\n<p>Segundo a nota, a escala marca a inaugura\u00e7\u00e3o oficial de uma rota mar\u00edtima directa e exclusiva \u00c1frica \u2013 \u00c1sia, no \u00e2mbito do servi\u00e7o Iroko, sem paragens interm\u00e9dias.<\/p>\n\n\n\n<p>Com capacidade para transportar 8.800 contentores, o MSC Caterina chegou ao Lobito \u00e0s 07h00, tendo como pr\u00f3ximos destinos Singapura e a China, consolidando o Porto do Lobito como um novo eixo de liga\u00e7\u00e3o directa aos principais mercados asi\u00e1ticos.<\/p>\n\n\n\n<p>Ao abordar a relev\u00e2ncia da abertura desta nova rota, a administradora comercial da empresa, K\u00e1tila Vanessa Neto, afirmou que a opera\u00e7\u00e3o representa uma prova inequ\u00edvoca da consolida\u00e7\u00e3o do Porto como um hub log\u00edstico de crescente import\u00e2ncia regional.<\/p>\n\n\n\n<p>Segundo a respons\u00e1vel, a nova liga\u00e7\u00e3o mar\u00edtima traz vantagens competitivas significativas para os exportadores, ao reduzir de forma expressiva o tempo de tr\u00e2nsito e os custos log\u00edsticos.<\/p>\n\n\n\n<p>K\u00e1tila Vanessa Neto acrescentou ainda que a previsibilidade log\u00edstica \u00e9 um dos maiores ganhos para os operadores econ\u00f3micos. \u201cEstamos a encurtar dist\u00e2ncias porque, muitas vezes, as mercadorias enfrentam longas esperas devido a m\u00faltiplas paragens noutros portos. Ler mais em<strong><em><a href=\"https:\/\/www.opais.ao\/economia\/porto-do-lobito-inaugura-rota-maritima-directa-africa-asia\/\"> Opa\u00eds<\/a><\/em><\/strong><\/p>\n","protected":false},"excerpt":{"rendered":"<p>O Porto do Lobito deu, esta ter\u00e7a-feira, 20 de Janeiro, um passo estrat\u00e9gico na sua afirma\u00e7\u00e3o como plataforma log\u00edstica regional e internacional, com a atraca\u00e7\u00e3o do navio MSC Caterina, da companhia mar\u00edtima internacional Mediterranean Shipping Company (MSC), no Terminal Polivalente gerido pela AGL \u2013 Lobito Terminal. A informa\u00e7\u00e3o consta de uma nota de imprensa da [&hellip;]<\/p>\n","protected":false},"author":3,"featured_media":4246,"comment_status":"open","ping_status":"open","sticky":false,"template":"","format":"standard","meta":{"footnotes":""},"categories":[16],"tags":[1210,1740],"class_list":["post-4245","post","type-post","status-publish","format-standard","has-post-thumbnail","hentry","category-actualidade","tag-porto-do-lobito","tag-rota-maritima"],"blocksy_meta":[],"_links":{"self":[{"href":"https:\/\/www.radiomais.ao\/index.php\/wp-json\/wp\/v2\/posts\/4245","targetHints":{"allow":["GET"]}}],"collection":[{"href":"https:\/\/www.radiomais.ao\/index.php\/wp-json\/wp\/v2\/posts"}],"about":[{"href":"https:\/\/www.radiomais.ao\/index.php\/wp-json\/wp\/v2\/types\/post"}],"author":[{"embeddable":true,"href":"https:\/\/www.radiomais.ao\/index.php\/wp-json\/wp\/v2\/users\/3"}],"replies":[{"embeddable":true,"href":"https:\/\/www.radiomais.ao\/index.php\/wp-json\/wp\/v2\/comments?post=4245"}],"version-history":[{"count":1,"href":"https:\/\/www.radiomais.ao\/index.php\/wp-json\/wp\/v2\/posts\/4245\/revisions"}],"predecessor-version":[{"id":4247,"href":"https:\/\/www.radiomais.ao\/index.php\/wp-json\/wp\/v2\/posts\/4245\/revisions\/4247"}],"wp:featuredmedia":[{"embeddable":true,"href":"https:\/\/www.radiomais.ao\/index.php\/wp-json\/wp\/v2\/media\/4246"}],"wp:attachment":[{"href":"https:\/\/www.radiomais.ao\/index.php\/wp-json\/wp\/v2\/media?parent=4245"}],"wp:term":[{"taxonomy":"category","embeddable":true,"href":"https:\/\/www.radiomais.ao\/index.php\/wp-json\/wp\/v2\/categories?post=4245"},{"taxonomy":"post_tag","embeddable":true,"href":"https:\/\/www.radiomais.ao\/index.php\/wp-json\/wp\/v2\/tags?post=4245"}],"curies":[{"name":"wp","href":"https:\/\/api.w.org\/{rel}","templated":true}]}}