{"id":4248,"date":"2026-01-21T09:51:16","date_gmt":"2026-01-21T08:51:16","guid":{"rendered":"https:\/\/www.radiomais.ao\/?p=4248"},"modified":"2026-01-21T09:51:16","modified_gmt":"2026-01-21T08:51:16","slug":"moradores-do-ramiros-queixam-se-de-falta-de-agua-canalizada-ha-mais-de-10-anos","status":"publish","type":"post","link":"https:\/\/www.radiomais.ao\/index.php\/2026\/01\/21\/moradores-do-ramiros-queixam-se-de-falta-de-agua-canalizada-ha-mais-de-10-anos\/","title":{"rendered":"Moradores do Ramiros queixam-se de falta de \u00e1gua canalizada h\u00e1 mais de 10 anos."},"content":{"rendered":"\n<p><strong>A escassez de \u00e1gua pot\u00e1vel no bairro Ramiros, munic\u00edpio de Belas, continua a ser uma preocupa\u00e7\u00e3o constante para os seus moradores, que afirmam conviver com esta realidade h\u00e1 v\u00e1rios anos. Em declara\u00e7\u00f5es ao Jornal OPA\u00cdS, os residentes relataram que a falta de \u00e1gua canalizada na zona persiste h\u00e1 mais de uma d\u00e9cada, sem que at\u00e9 ao momento tenham sido registadas melhorias significativas<\/strong>.<\/p>\n\n\n\n<p>Na aus\u00eancia de abastecimento regular de \u00e1gua pot\u00e1vel, os moradores veem-se obrigados a recorrer \u00e0s \u00e1guas salobras como principal alternativa para suprir as sas necessidades di\u00e1rias. Segundo explicaram, durante o actual per\u00edodo de estiagem, marcado pela escassez de chuvas, o custo da \u00e1gua aumentou.<\/p>\n\n\n\n<p>Actualmente, pagam cerca de 150 kwanzas por cada bid\u00e3o de 20 litros, valor praticado nos reservat\u00f3rios de \u00e1gua existentes no interior de algumas resid\u00eancias, que s\u00e3o abastecidos por cami\u00f5es-cisterna. Em contraste, durante a \u00e9poca chuvosa, o acesso \u00e0 \u00e1gua torna- se relativamente mais acess\u00edvel, uma vez que o pre\u00e7o do bid\u00e3o de 20 litros desce para 100 kwanzas.<\/p>\n\n\n\n<p>Ainda assim, os moradores sublinham que a \u00e1gua adquirida nas cisternas \u00e9 utilizada apenas para consumo humano e para a confec\u00e7\u00e3o de alimentos, sendo que, para as restantes activida des dom\u00e9sticas, recorrem exclusivamente \u00e0 \u00e1gua salobra. Ler mais em <strong><em><a href=\"https:\/\/www.opais.ao\/sociedade\/moradores-do-ramiros-queixam-se-de-falta-de-agua-canalizada-ha-mais-de-10-anos\/\">O pa\u00eds.<\/a><\/em><\/strong><\/p>\n","protected":false},"excerpt":{"rendered":"<p>A escassez de \u00e1gua pot\u00e1vel no bairro Ramiros, munic\u00edpio de Belas, continua a ser uma preocupa\u00e7\u00e3o constante para os seus moradores, que afirmam conviver com esta realidade h\u00e1 v\u00e1rios anos. Em declara\u00e7\u00f5es ao Jornal OPA\u00cdS, os residentes relataram que a falta de \u00e1gua canalizada na zona persiste h\u00e1 mais de uma d\u00e9cada, sem que at\u00e9 [&hellip;]<\/p>\n","protected":false},"author":3,"featured_media":4249,"comment_status":"open","ping_status":"open","sticky":false,"template":"","format":"standard","meta":{"footnotes":""},"categories":[16],"tags":[1741,1713],"class_list":["post-4248","post","type-post","status-publish","format-standard","has-post-thumbnail","hentry","category-actualidade","tag-falta-de-agua","tag-ramiros"],"blocksy_meta":[],"_links":{"self":[{"href":"https:\/\/www.radiomais.ao\/index.php\/wp-json\/wp\/v2\/posts\/4248","targetHints":{"allow":["GET"]}}],"collection":[{"href":"https:\/\/www.radiomais.ao\/index.php\/wp-json\/wp\/v2\/posts"}],"about":[{"href":"https:\/\/www.radiomais.ao\/index.php\/wp-json\/wp\/v2\/types\/post"}],"author":[{"embeddable":true,"href":"https:\/\/www.radiomais.ao\/index.php\/wp-json\/wp\/v2\/users\/3"}],"replies":[{"embeddable":true,"href":"https:\/\/www.radiomais.ao\/index.php\/wp-json\/wp\/v2\/comments?post=4248"}],"version-history":[{"count":1,"href":"https:\/\/www.radiomais.ao\/index.php\/wp-json\/wp\/v2\/posts\/4248\/revisions"}],"predecessor-version":[{"id":4250,"href":"https:\/\/www.radiomais.ao\/index.php\/wp-json\/wp\/v2\/posts\/4248\/revisions\/4250"}],"wp:featuredmedia":[{"embeddable":true,"href":"https:\/\/www.radiomais.ao\/index.php\/wp-json\/wp\/v2\/media\/4249"}],"wp:attachment":[{"href":"https:\/\/www.radiomais.ao\/index.php\/wp-json\/wp\/v2\/media?parent=4248"}],"wp:term":[{"taxonomy":"category","embeddable":true,"href":"https:\/\/www.radiomais.ao\/index.php\/wp-json\/wp\/v2\/categories?post=4248"},{"taxonomy":"post_tag","embeddable":true,"href":"https:\/\/www.radiomais.ao\/index.php\/wp-json\/wp\/v2\/tags?post=4248"}],"curies":[{"name":"wp","href":"https:\/\/api.w.org\/{rel}","templated":true}]}}