{"id":4251,"date":"2026-01-21T09:59:56","date_gmt":"2026-01-21T08:59:56","guid":{"rendered":"https:\/\/www.radiomais.ao\/?p=4251"},"modified":"2026-01-21T09:59:56","modified_gmt":"2026-01-21T08:59:56","slug":"sic-confirma-morte-por-asfixia-das-tres-meninas-encontradas-no-carro","status":"publish","type":"post","link":"https:\/\/www.radiomais.ao\/index.php\/2026\/01\/21\/sic-confirma-morte-por-asfixia-das-tres-meninas-encontradas-no-carro\/","title":{"rendered":"SIC confirma morte por asfixia das tr\u00eas meninas encontradas no carro."},"content":{"rendered":"\n<p><strong>O Servi\u00e7o de Investiga\u00e7\u00e3o Criminal (SIC) esclareceu, na manh\u00e3 de Ter\u00e7a-feira, 20 de Janeiro, as circunst\u00e2ncias da morte das tr\u00eas meninas encontradas sem vida no interior de uma viatura estacionada nos arredores das suas resid\u00eancias, descartando qualquer possibilidade de viola\u00e7\u00e3o sexual e confirmando que a causa das mortes foi asfixia<\/strong><\/p>\n\n\n\n<p>De acordo com o porta- voz interino do SIC- Luanda, Emanuel Capita, os corpos das menores foram submetidos a exames de necropsia, cujos resultados j\u00e1 foram tornados p\u00fablicos. Os exames laboratoriais e periciais conclu\u00edram que as crian\u00e7as morreram por falta de oxig\u00e9nio, ap\u00f3s permanecerem confinadas no interior do ve\u00edculo por um per\u00edodo prolongado.<\/p>\n\n\n\n<p>Segundo o SIC, as meninas encontravam-se a brincar num parque pr\u00f3ximo quando, por iniciativa pr\u00f3pria, entraram no carro estacionado. Posteriormente, n\u00e3o conseguiram sair, ficando presas no interior da viatura. O tempo excessivo em que permaneceram fechadas no ve\u00edculo, aliado \u00e0s altas temperaturas registadas nos \u00faltimos dias, contribuiu para a asfixia fatal das menores. Ler mais em <strong><em><a href=\"https:\/\/www.opais.ao\/sociedade\/sic-confirma-morte-por-asfixia-das-tres-meninas-encontradas-no-carro\/\">Opa\u00eds<\/a><\/em><\/strong><\/p>\n","protected":false},"excerpt":{"rendered":"<p>O Servi\u00e7o de Investiga\u00e7\u00e3o Criminal (SIC) esclareceu, na manh\u00e3 de Ter\u00e7a-feira, 20 de Janeiro, as circunst\u00e2ncias da morte das tr\u00eas meninas encontradas sem vida no interior de uma viatura estacionada nos arredores das suas resid\u00eancias, descartando qualquer possibilidade de viola\u00e7\u00e3o sexual e confirmando que a causa das mortes foi asfixia De acordo com o porta- [&hellip;]<\/p>\n","protected":false},"author":3,"featured_media":4252,"comment_status":"open","ping_status":"open","sticky":false,"template":"","format":"standard","meta":{"footnotes":""},"categories":[16],"tags":[1743,1742],"class_list":["post-4251","post","type-post","status-publish","format-standard","has-post-thumbnail","hentry","category-actualidade","tag-asfixiadas","tag-meninas-encontradas-no-carro"],"blocksy_meta":[],"_links":{"self":[{"href":"https:\/\/www.radiomais.ao\/index.php\/wp-json\/wp\/v2\/posts\/4251","targetHints":{"allow":["GET"]}}],"collection":[{"href":"https:\/\/www.radiomais.ao\/index.php\/wp-json\/wp\/v2\/posts"}],"about":[{"href":"https:\/\/www.radiomais.ao\/index.php\/wp-json\/wp\/v2\/types\/post"}],"author":[{"embeddable":true,"href":"https:\/\/www.radiomais.ao\/index.php\/wp-json\/wp\/v2\/users\/3"}],"replies":[{"embeddable":true,"href":"https:\/\/www.radiomais.ao\/index.php\/wp-json\/wp\/v2\/comments?post=4251"}],"version-history":[{"count":1,"href":"https:\/\/www.radiomais.ao\/index.php\/wp-json\/wp\/v2\/posts\/4251\/revisions"}],"predecessor-version":[{"id":4253,"href":"https:\/\/www.radiomais.ao\/index.php\/wp-json\/wp\/v2\/posts\/4251\/revisions\/4253"}],"wp:featuredmedia":[{"embeddable":true,"href":"https:\/\/www.radiomais.ao\/index.php\/wp-json\/wp\/v2\/media\/4252"}],"wp:attachment":[{"href":"https:\/\/www.radiomais.ao\/index.php\/wp-json\/wp\/v2\/media?parent=4251"}],"wp:term":[{"taxonomy":"category","embeddable":true,"href":"https:\/\/www.radiomais.ao\/index.php\/wp-json\/wp\/v2\/categories?post=4251"},{"taxonomy":"post_tag","embeddable":true,"href":"https:\/\/www.radiomais.ao\/index.php\/wp-json\/wp\/v2\/tags?post=4251"}],"curies":[{"name":"wp","href":"https:\/\/api.w.org\/{rel}","templated":true}]}}