{"id":4256,"date":"2026-01-21T10:04:01","date_gmt":"2026-01-21T09:04:01","guid":{"rendered":"https:\/\/www.radiomais.ao\/?p=4256"},"modified":"2026-01-21T10:04:01","modified_gmt":"2026-01-21T09:04:01","slug":"ministra-da-saude-inicia-visita-de-trabalho-a-china","status":"publish","type":"post","link":"https:\/\/www.radiomais.ao\/index.php\/2026\/01\/21\/ministra-da-saude-inicia-visita-de-trabalho-a-china\/","title":{"rendered":"Ministra da Sa\u00fade inicia visita de trabalho \u00e0 China."},"content":{"rendered":"\n<p>A ministra da Sa\u00fade, S\u00edlvia Lutucuta, deu in\u00edcio, nesta Ter\u00e7a-feira, 20, a uma visita de trabalho \u00e0 Rep\u00fablica Popular da China, que se estende at\u00e9 ao dia 27, com vista ao refor\u00e7o da coopera\u00e7\u00e3o bilateral no dom\u00ednio da sa\u00fade, particularmente na moderniza\u00e7\u00e3o das infra-estruturas hospitalares, certifica\u00e7\u00e3o de equipamentos m\u00e9dicos e forma\u00e7\u00e3o de quadros nacionais.<\/p>\n\n\n\n<p>\u00c0 chegada a Beijing, a governante foi recebida pela embaixadora de Angola na China, Dalva Ringote, que destacou os progressos alcan\u00e7ados no sector da sa\u00fade ao longo dos \u00faltimos anos.<\/p>\n\n\n\n<p>Durante o encontro, a ministra apresentou os principais objectivos da desloca\u00e7\u00e3o, que incluem a realiza\u00e7\u00e3o de reuni\u00f5es institucionais e t\u00e9cnicas, visitas a hospitais de refer\u00eancia, f\u00e1bricas de equipamentos m\u00e9dicos e encontros com empresas especializadas.<\/p>\n\n\n\n<p>Entre as prioridades consta a verifica\u00e7\u00e3o, an\u00e1lise e certifica\u00e7\u00e3o de equipamentos m\u00e9dicos destinados ao projecto de constru\u00e7\u00e3o, reabilita\u00e7\u00e3o e apetrechamento do Hospital Am\u00e9rico Boavida, em Luanda, bem como o refor\u00e7o da forma\u00e7\u00e3o cont\u00ednua dos profissionais de sa\u00fade angolanos.<\/p>\n\n\n\n<p>No \u00e2mbito da agenda prevista para esta Quarta-feira, 21, S\u00edlvia Lutucuta visitar\u00e1 o Hospital Anzhen, uma das mais prestigiadas unidades hospitalares da China, e a sede da Power China, uma das maiores empresas de constru\u00e7\u00e3o de infra-estruturas daquele pa\u00eds. Ler mais em <strong><em><a href=\"https:\/\/www.opais.ao\/ultimas_hora\/ministra-da-saude-inicia-visita-de-trabalho-a-china\/\">Opa\u00eds<\/a><\/em><\/strong><\/p>\n","protected":false},"excerpt":{"rendered":"<p>A ministra da Sa\u00fade, S\u00edlvia Lutucuta, deu in\u00edcio, nesta Ter\u00e7a-feira, 20, a uma visita de trabalho \u00e0 Rep\u00fablica Popular da China, que se estende at\u00e9 ao dia 27, com vista ao refor\u00e7o da coopera\u00e7\u00e3o bilateral no dom\u00ednio da sa\u00fade, particularmente na moderniza\u00e7\u00e3o das infra-estruturas hospitalares, certifica\u00e7\u00e3o de equipamentos m\u00e9dicos e forma\u00e7\u00e3o de quadros nacionais. \u00c0 [&hellip;]<\/p>\n","protected":false},"author":3,"featured_media":4257,"comment_status":"open","ping_status":"open","sticky":false,"template":"","format":"standard","meta":{"footnotes":""},"categories":[16],"tags":[1065,1744],"class_list":["post-4256","post","type-post","status-publish","format-standard","has-post-thumbnail","hentry","category-actualidade","tag-ministra-da-saude","tag-visita-china"],"blocksy_meta":[],"_links":{"self":[{"href":"https:\/\/www.radiomais.ao\/index.php\/wp-json\/wp\/v2\/posts\/4256","targetHints":{"allow":["GET"]}}],"collection":[{"href":"https:\/\/www.radiomais.ao\/index.php\/wp-json\/wp\/v2\/posts"}],"about":[{"href":"https:\/\/www.radiomais.ao\/index.php\/wp-json\/wp\/v2\/types\/post"}],"author":[{"embeddable":true,"href":"https:\/\/www.radiomais.ao\/index.php\/wp-json\/wp\/v2\/users\/3"}],"replies":[{"embeddable":true,"href":"https:\/\/www.radiomais.ao\/index.php\/wp-json\/wp\/v2\/comments?post=4256"}],"version-history":[{"count":1,"href":"https:\/\/www.radiomais.ao\/index.php\/wp-json\/wp\/v2\/posts\/4256\/revisions"}],"predecessor-version":[{"id":4258,"href":"https:\/\/www.radiomais.ao\/index.php\/wp-json\/wp\/v2\/posts\/4256\/revisions\/4258"}],"wp:featuredmedia":[{"embeddable":true,"href":"https:\/\/www.radiomais.ao\/index.php\/wp-json\/wp\/v2\/media\/4257"}],"wp:attachment":[{"href":"https:\/\/www.radiomais.ao\/index.php\/wp-json\/wp\/v2\/media?parent=4256"}],"wp:term":[{"taxonomy":"category","embeddable":true,"href":"https:\/\/www.radiomais.ao\/index.php\/wp-json\/wp\/v2\/categories?post=4256"},{"taxonomy":"post_tag","embeddable":true,"href":"https:\/\/www.radiomais.ao\/index.php\/wp-json\/wp\/v2\/tags?post=4256"}],"curies":[{"name":"wp","href":"https:\/\/api.w.org\/{rel}","templated":true}]}}