{"id":4259,"date":"2026-01-21T10:08:30","date_gmt":"2026-01-21T09:08:30","guid":{"rendered":"https:\/\/www.radiomais.ao\/?p=4259"},"modified":"2026-01-21T10:08:30","modified_gmt":"2026-01-21T09:08:30","slug":"maior-estrada-circular-do-pais-comeca-a-ser-construida-em-marco-deste-ano","status":"publish","type":"post","link":"https:\/\/www.radiomais.ao\/index.php\/2026\/01\/21\/maior-estrada-circular-do-pais-comeca-a-ser-construida-em-marco-deste-ano\/","title":{"rendered":"Maior estrada circular do pa\u00eds come\u00e7a a ser constru\u00edda em Mar\u00e7o deste ano."},"content":{"rendered":"\n<p>A constru\u00e7\u00e3o da estrada circular do Huambo, considerada a maior do pa\u00eds em termos de extens\u00e3o, tem in\u00edcio previsto para Mar\u00e7o deste ano.<\/p>\n\n\n\n<p>O projecto foi apresentado nesta Segunda-feira, na cidade do Huambo, e prev\u00ea a execu\u00e7\u00e3o de uma infra-estrutura com 64,9 quil\u00f3metros de extens\u00e3o, a ser desenvolvida em duas fases.<\/p>\n\n\n\n<p>A estrada tem como principal objectivo melhorar a fluidez do tr\u00e1fego urbano pesado e interprovincial, al\u00e9m de facilitar as liga\u00e7\u00f5es estrat\u00e9gicas \u00e0s prov\u00edncias do Bi\u00e9, Luanda e Benguela. Ler mais em <strong><em><a href=\"https:\/\/www.opais.ao\/ultimas_hora\/maior-estrada-circular-do-pais-comeca-a-ser-construida-em-marco-deste-ano\/\">Opa\u00eds<\/a><\/em><\/strong><\/p>\n","protected":false},"excerpt":{"rendered":"<p>A constru\u00e7\u00e3o da estrada circular do Huambo, considerada a maior do pa\u00eds em termos de extens\u00e3o, tem in\u00edcio previsto para Mar\u00e7o deste ano. O projecto foi apresentado nesta Segunda-feira, na cidade do Huambo, e prev\u00ea a execu\u00e7\u00e3o de uma infra-estrutura com 64,9 quil\u00f3metros de extens\u00e3o, a ser desenvolvida em duas fases. A estrada tem como [&hellip;]<\/p>\n","protected":false},"author":3,"featured_media":4260,"comment_status":"open","ping_status":"open","sticky":false,"template":"","format":"standard","meta":{"footnotes":""},"categories":[16],"tags":[1745,1746],"class_list":["post-4259","post","type-post","status-publish","format-standard","has-post-thumbnail","hentry","category-actualidade","tag-maior-estrada-do-pais","tag-onstruida-em-marco"],"blocksy_meta":[],"_links":{"self":[{"href":"https:\/\/www.radiomais.ao\/index.php\/wp-json\/wp\/v2\/posts\/4259","targetHints":{"allow":["GET"]}}],"collection":[{"href":"https:\/\/www.radiomais.ao\/index.php\/wp-json\/wp\/v2\/posts"}],"about":[{"href":"https:\/\/www.radiomais.ao\/index.php\/wp-json\/wp\/v2\/types\/post"}],"author":[{"embeddable":true,"href":"https:\/\/www.radiomais.ao\/index.php\/wp-json\/wp\/v2\/users\/3"}],"replies":[{"embeddable":true,"href":"https:\/\/www.radiomais.ao\/index.php\/wp-json\/wp\/v2\/comments?post=4259"}],"version-history":[{"count":1,"href":"https:\/\/www.radiomais.ao\/index.php\/wp-json\/wp\/v2\/posts\/4259\/revisions"}],"predecessor-version":[{"id":4261,"href":"https:\/\/www.radiomais.ao\/index.php\/wp-json\/wp\/v2\/posts\/4259\/revisions\/4261"}],"wp:featuredmedia":[{"embeddable":true,"href":"https:\/\/www.radiomais.ao\/index.php\/wp-json\/wp\/v2\/media\/4260"}],"wp:attachment":[{"href":"https:\/\/www.radiomais.ao\/index.php\/wp-json\/wp\/v2\/media?parent=4259"}],"wp:term":[{"taxonomy":"category","embeddable":true,"href":"https:\/\/www.radiomais.ao\/index.php\/wp-json\/wp\/v2\/categories?post=4259"},{"taxonomy":"post_tag","embeddable":true,"href":"https:\/\/www.radiomais.ao\/index.php\/wp-json\/wp\/v2\/tags?post=4259"}],"curies":[{"name":"wp","href":"https:\/\/api.w.org\/{rel}","templated":true}]}}