{"id":4262,"date":"2026-01-21T10:15:28","date_gmt":"2026-01-21T09:15:28","guid":{"rendered":"https:\/\/www.radiomais.ao\/?p=4262"},"modified":"2026-01-21T10:15:28","modified_gmt":"2026-01-21T09:15:28","slug":"andebol-seleccao-nacional-estreia-se-hoje-no-africano-do-ruanda-diante-do-uganda","status":"publish","type":"post","link":"https:\/\/www.radiomais.ao\/index.php\/2026\/01\/21\/andebol-seleccao-nacional-estreia-se-hoje-no-africano-do-ruanda-diante-do-uganda\/","title":{"rendered":"Andebol: Selec\u00e7\u00e3o Nacional estreia-se hoje no Africano do Ruanda diante do Uganda."},"content":{"rendered":"\n<p><strong>O sete nacional s\u00e9nior masculino de andebol estreia-se na 27.\u00aa edi\u00e7\u00e3o do Campeonato Africano das Na\u00e7\u00f5es (CAN) de Kigali, Ruanda, defrontando o Uganda, em jogo da primeira jornada do grupo B, no Pavilh\u00e3o BK Arena, a partir das 11:00 (hora de Angola)<\/strong><\/p>\n\n\n\n<p>O sete nacional pretende melhorar o oitavo lugar alcan\u00e7ado na edi\u00e7\u00e3o passada que se disputou, na cidade do Cairo, em 2022. Para entrar com o p\u00e9 direito no evento continental, os comanda- dos de Filipe Cruz sabem melhor do que ningu\u00e9m que devem condicionar as melhores unidades do Uganda e explorar as suas melhores caracter\u00edsticas.<\/p>\n\n\n\n<p>Em declara\u00e7\u00f5es \u00e0 imprensa, o presidente da Federa\u00e7\u00e3o Angolana de Andebol (FAAND), Jos\u00e9 do Amaral \u201cManinho\u201d, disse n\u00e3o ter d\u00favidas de que a selec\u00e7\u00e3o far\u00e1 uma campanha exemplar no africano, justificando que as condi\u00e7\u00f5es foram asseguradas. Ler mais em<strong><em><a href=\"https:\/\/www.opais.ao\/desporto\/andebol-seleccao-nacional-estreia-se-hoje-no-africano-do-ruanda-diante-do-uganda\/\"> Opa\u00eds.<\/a><\/em><\/strong><\/p>\n","protected":false},"excerpt":{"rendered":"<p>O sete nacional s\u00e9nior masculino de andebol estreia-se na 27.\u00aa edi\u00e7\u00e3o do Campeonato Africano das Na\u00e7\u00f5es (CAN) de Kigali, Ruanda, defrontando o Uganda, em jogo da primeira jornada do grupo B, no Pavilh\u00e3o BK Arena, a partir das 11:00 (hora de Angola) O sete nacional pretende melhorar o oitavo lugar alcan\u00e7ado na edi\u00e7\u00e3o passada que [&hellip;]<\/p>\n","protected":false},"author":3,"featured_media":4263,"comment_status":"open","ping_status":"open","sticky":false,"template":"","format":"standard","meta":{"footnotes":""},"categories":[16],"tags":[1747,1748],"class_list":["post-4262","post","type-post","status-publish","format-standard","has-post-thumbnail","hentry","category-actualidade","tag-africano-do-uganda","tag-selecao-nacional"],"blocksy_meta":[],"_links":{"self":[{"href":"https:\/\/www.radiomais.ao\/index.php\/wp-json\/wp\/v2\/posts\/4262","targetHints":{"allow":["GET"]}}],"collection":[{"href":"https:\/\/www.radiomais.ao\/index.php\/wp-json\/wp\/v2\/posts"}],"about":[{"href":"https:\/\/www.radiomais.ao\/index.php\/wp-json\/wp\/v2\/types\/post"}],"author":[{"embeddable":true,"href":"https:\/\/www.radiomais.ao\/index.php\/wp-json\/wp\/v2\/users\/3"}],"replies":[{"embeddable":true,"href":"https:\/\/www.radiomais.ao\/index.php\/wp-json\/wp\/v2\/comments?post=4262"}],"version-history":[{"count":1,"href":"https:\/\/www.radiomais.ao\/index.php\/wp-json\/wp\/v2\/posts\/4262\/revisions"}],"predecessor-version":[{"id":4264,"href":"https:\/\/www.radiomais.ao\/index.php\/wp-json\/wp\/v2\/posts\/4262\/revisions\/4264"}],"wp:featuredmedia":[{"embeddable":true,"href":"https:\/\/www.radiomais.ao\/index.php\/wp-json\/wp\/v2\/media\/4263"}],"wp:attachment":[{"href":"https:\/\/www.radiomais.ao\/index.php\/wp-json\/wp\/v2\/media?parent=4262"}],"wp:term":[{"taxonomy":"category","embeddable":true,"href":"https:\/\/www.radiomais.ao\/index.php\/wp-json\/wp\/v2\/categories?post=4262"},{"taxonomy":"post_tag","embeddable":true,"href":"https:\/\/www.radiomais.ao\/index.php\/wp-json\/wp\/v2\/tags?post=4262"}],"curies":[{"name":"wp","href":"https:\/\/api.w.org\/{rel}","templated":true}]}}