{"id":4265,"date":"2026-01-21T10:43:48","date_gmt":"2026-01-21T09:43:48","guid":{"rendered":"https:\/\/www.radiomais.ao\/?p=4265"},"modified":"2026-01-21T10:43:48","modified_gmt":"2026-01-21T09:43:48","slug":"subiu-para-5-o-numero-de-vitimas-mortais-da-tragedia-ocorrida-no-bairro-ramiros","status":"publish","type":"post","link":"https:\/\/www.radiomais.ao\/index.php\/2026\/01\/21\/subiu-para-5-o-numero-de-vitimas-mortais-da-tragedia-ocorrida-no-bairro-ramiros\/","title":{"rendered":"Subiu para 5 o n\u00famero de v\u00edtimas mortais da trag\u00e9dia ocorrida no bairro Ramiros."},"content":{"rendered":"\n<p>Subiu para 5 o n\u00famero de v\u00edtimas mortais da trag\u00e9dia ocorrida no bairro Ramiros munic\u00edpio de Belas, em que um cidad\u00e3o de 62 anos \u00e9 acusado de matar a esposa e tr\u00eas cunhadas.<\/p>\n\n\n<div \n    class=\"align wp-block-scb-sound-cloud\"    id=\"scbSoundCloud-1\"\n    data-attributes='{&quot;cId&quot;:&quot;3f746abd-9&quot;,&quot;tracks&quot;:[{&quot;url&quot;:&quot;https:\\\/\\\/soundcloud.com\\\/radio-mais-luanda\\\/sobe-para-5-o-numero-de-mortos-da-tragedia-nos-ramiros?si=c3e6b8247c46443fa6edfcb1f6146229&amp;utm_source=clipboard&amp;utm_medium=text&amp;utm_campaign=social_sharing&quot;,&quot;startTrack&quot;:0}],&quot;alignment&quot;:&quot;center&quot;,&quot;align&quot;:&quot;&quot;,&quot;options&quot;:{&quot;isAutoPlay&quot;:true,&quot;color&quot;:&quot;#f50&quot;,&quot;isBuying&quot;:true,&quot;isSharing&quot;:true,&quot;isDownload&quot;:true,&quot;isArtWork&quot;:true,&quot;isPlayCount&quot;:true,&quot;isUser&quot;:true,&quot;isSingleActive&quot;:true,&quot;isComments&quot;:true,&quot;isVisual&quot;:false,&quot;isTeaser&quot;:false,&quot;isHideRelated&quot;:false},&quot;iframeStyle&quot;:{&quot;width&quot;:&quot;100%&quot;,&quot;height&quot;:&quot;170px&quot;},&quot;frameBorder&quot;:{&quot;color&quot;:&quot;#000&quot;,&quot;style&quot;:&quot;solid&quot;,&quot;width&quot;:&quot;1px&quot;},&quot;frameBRadius&quot;:{&quot;top&quot;:&quot;3px&quot;,&quot;bottom&quot;:&quot;3px&quot;,&quot;left&quot;:&quot;3px&quot;,&quot;right&quot;:&quot;3px&quot;},&quot;frameBoxShadow&quot;:[]}'>\n<\/div>\n\n \n      \n\n\n<p>A quinta v\u00edtima trata-se da sobrinha, que supostamente ter\u00e1 tido uma rela\u00e7\u00e3o extraconjugal com oacusado.<\/p>\n\n\n\n<p>Ap\u00f3s matar a esposa a tiro, o suspeito incendiou a resid\u00eancia e os corpos e ter\u00e1, em seguida, ingerido uma subst\u00e2ncia com a inten\u00e7\u00e3o de p\u00f4r termo \u00e0 pr\u00f3pria vida, mas sem sucesso.<\/p>\n","protected":false},"excerpt":{"rendered":"<p>Subiu para 5 o n\u00famero de v\u00edtimas mortais da trag\u00e9dia ocorrida no bairro Ramiros munic\u00edpio de Belas, em que um cidad\u00e3o de 62 anos \u00e9 acusado de matar a esposa e tr\u00eas cunhadas. A quinta v\u00edtima trata-se da sobrinha, que supostamente ter\u00e1 tido uma rela\u00e7\u00e3o extraconjugal com oacusado. Ap\u00f3s matar a esposa a tiro, o [&hellip;]<\/p>\n","protected":false},"author":3,"featured_media":4266,"comment_status":"open","ping_status":"open","sticky":false,"template":"","format":"standard","meta":{"footnotes":""},"categories":[16],"tags":[1448,1749],"class_list":["post-4265","post","type-post","status-publish","format-standard","has-post-thumbnail","hentry","category-actualidade","tag-5-mortos","tag-caso-dos-ramiros"],"blocksy_meta":[],"_links":{"self":[{"href":"https:\/\/www.radiomais.ao\/index.php\/wp-json\/wp\/v2\/posts\/4265","targetHints":{"allow":["GET"]}}],"collection":[{"href":"https:\/\/www.radiomais.ao\/index.php\/wp-json\/wp\/v2\/posts"}],"about":[{"href":"https:\/\/www.radiomais.ao\/index.php\/wp-json\/wp\/v2\/types\/post"}],"author":[{"embeddable":true,"href":"https:\/\/www.radiomais.ao\/index.php\/wp-json\/wp\/v2\/users\/3"}],"replies":[{"embeddable":true,"href":"https:\/\/www.radiomais.ao\/index.php\/wp-json\/wp\/v2\/comments?post=4265"}],"version-history":[{"count":1,"href":"https:\/\/www.radiomais.ao\/index.php\/wp-json\/wp\/v2\/posts\/4265\/revisions"}],"predecessor-version":[{"id":4267,"href":"https:\/\/www.radiomais.ao\/index.php\/wp-json\/wp\/v2\/posts\/4265\/revisions\/4267"}],"wp:featuredmedia":[{"embeddable":true,"href":"https:\/\/www.radiomais.ao\/index.php\/wp-json\/wp\/v2\/media\/4266"}],"wp:attachment":[{"href":"https:\/\/www.radiomais.ao\/index.php\/wp-json\/wp\/v2\/media?parent=4265"}],"wp:term":[{"taxonomy":"category","embeddable":true,"href":"https:\/\/www.radiomais.ao\/index.php\/wp-json\/wp\/v2\/categories?post=4265"},{"taxonomy":"post_tag","embeddable":true,"href":"https:\/\/www.radiomais.ao\/index.php\/wp-json\/wp\/v2\/tags?post=4265"}],"curies":[{"name":"wp","href":"https:\/\/api.w.org\/{rel}","templated":true}]}}