{"id":4268,"date":"2026-01-21T11:01:54","date_gmt":"2026-01-21T10:01:54","guid":{"rendered":"https:\/\/www.radiomais.ao\/?p=4268"},"modified":"2026-01-21T14:27:14","modified_gmt":"2026-01-21T13:27:14","slug":"amontoados-de-lixo-a-volta-da-linha-ferrea-continua-a-preocupar-os-caminhos-de-ferro-de-luanda","status":"publish","type":"post","link":"https:\/\/www.radiomais.ao\/index.php\/2026\/01\/21\/amontoados-de-lixo-a-volta-da-linha-ferrea-continua-a-preocupar-os-caminhos-de-ferro-de-luanda\/","title":{"rendered":"Caminho de Ferro de Luanda alerta para lixo e vandaliza\u00e7\u00e3o dos comboios na Linha Viana-Bungo."},"content":{"rendered":"\n<p>A Situa\u00e7\u00e3o considerada insustent\u00e1vel &nbsp;tem condicionado a circula\u00e7\u00e3o dos comboios.<\/p>\n\n\n\n<p>A Zona da boa vista ao &nbsp;Capalanca, &nbsp;foi apontada como o per\u00edmetro mais cr\u00edtico, segundo &nbsp;o Porta- voz do CFL, Augusto Os\u00f3rio, que falava hoje, em exclusivo \u00e0 R\u00e1dio Mais.<\/p>\n\n\n<div \n    class=\"align wp-block-scb-sound-cloud\"    id=\"scbSoundCloud-1\"\n    data-attributes='{&quot;cId&quot;:&quot;6f7ecace-7&quot;,&quot;tracks&quot;:[{&quot;url&quot;:&quot;https:\\\/\\\/soundcloud.com\\\/radio-mais-luanda\\\/amontoados-de-lixo-na-linha-ferrea-preocupa-cfl?si=dccfe60ced964385b106311cad1068ec&amp;utm_source=clipboard&amp;utm_medium=text&amp;utm_campaign=social_sharing&quot;,&quot;startTrack&quot;:0}],&quot;alignment&quot;:&quot;center&quot;,&quot;align&quot;:&quot;&quot;,&quot;options&quot;:{&quot;isAutoPlay&quot;:true,&quot;color&quot;:&quot;#f50&quot;,&quot;isBuying&quot;:true,&quot;isSharing&quot;:true,&quot;isDownload&quot;:true,&quot;isArtWork&quot;:true,&quot;isPlayCount&quot;:true,&quot;isUser&quot;:true,&quot;isSingleActive&quot;:true,&quot;isComments&quot;:true,&quot;isVisual&quot;:false,&quot;isTeaser&quot;:false,&quot;isHideRelated&quot;:false},&quot;iframeStyle&quot;:{&quot;width&quot;:&quot;100%&quot;,&quot;height&quot;:&quot;170px&quot;},&quot;frameBorder&quot;:{&quot;color&quot;:&quot;#000&quot;,&quot;style&quot;:&quot;solid&quot;,&quot;width&quot;:&quot;1px&quot;},&quot;frameBRadius&quot;:{&quot;top&quot;:&quot;3px&quot;,&quot;bottom&quot;:&quot;3px&quot;,&quot;left&quot;:&quot;3px&quot;,&quot;right&quot;:&quot;3px&quot;},&quot;frameBoxShadow&quot;:[]}'>\n<\/div>\n\n \n      ","protected":false},"excerpt":{"rendered":"<p>A Situa\u00e7\u00e3o considerada insustent\u00e1vel &nbsp;tem condicionado a circula\u00e7\u00e3o dos comboios. A Zona da boa vista ao &nbsp;Capalanca, &nbsp;foi apontada como o per\u00edmetro mais cr\u00edtico, segundo &nbsp;o Porta- voz do CFL, Augusto Os\u00f3rio, que falava hoje, em exclusivo \u00e0 R\u00e1dio Mais.<\/p>\n","protected":false},"author":3,"featured_media":4269,"comment_status":"open","ping_status":"open","sticky":false,"template":"","format":"standard","meta":{"footnotes":""},"categories":[16],"tags":[1751,1750,1580],"class_list":["post-4268","post","type-post","status-publish","format-standard","has-post-thumbnail","hentry","category-actualidade","tag-amontoados","tag-caminho-de-ferro","tag-lixo"],"blocksy_meta":[],"_links":{"self":[{"href":"https:\/\/www.radiomais.ao\/index.php\/wp-json\/wp\/v2\/posts\/4268","targetHints":{"allow":["GET"]}}],"collection":[{"href":"https:\/\/www.radiomais.ao\/index.php\/wp-json\/wp\/v2\/posts"}],"about":[{"href":"https:\/\/www.radiomais.ao\/index.php\/wp-json\/wp\/v2\/types\/post"}],"author":[{"embeddable":true,"href":"https:\/\/www.radiomais.ao\/index.php\/wp-json\/wp\/v2\/users\/3"}],"replies":[{"embeddable":true,"href":"https:\/\/www.radiomais.ao\/index.php\/wp-json\/wp\/v2\/comments?post=4268"}],"version-history":[{"count":3,"href":"https:\/\/www.radiomais.ao\/index.php\/wp-json\/wp\/v2\/posts\/4268\/revisions"}],"predecessor-version":[{"id":4272,"href":"https:\/\/www.radiomais.ao\/index.php\/wp-json\/wp\/v2\/posts\/4268\/revisions\/4272"}],"wp:featuredmedia":[{"embeddable":true,"href":"https:\/\/www.radiomais.ao\/index.php\/wp-json\/wp\/v2\/media\/4269"}],"wp:attachment":[{"href":"https:\/\/www.radiomais.ao\/index.php\/wp-json\/wp\/v2\/media?parent=4268"}],"wp:term":[{"taxonomy":"category","embeddable":true,"href":"https:\/\/www.radiomais.ao\/index.php\/wp-json\/wp\/v2\/categories?post=4268"},{"taxonomy":"post_tag","embeddable":true,"href":"https:\/\/www.radiomais.ao\/index.php\/wp-json\/wp\/v2\/tags?post=4268"}],"curies":[{"name":"wp","href":"https:\/\/api.w.org\/{rel}","templated":true}]}}